{"id":1026,"date":"2022-05-05T21:10:13","date_gmt":"2022-05-05T19:10:13","guid":{"rendered":"http:\/\/hl.museostorico.it\/historylabmagazine\/?p=1026"},"modified":"2022-06-16T10:55:33","modified_gmt":"2022-06-16T08:55:33","slug":"giuseppe-valentino-il-punto-di-vista-della-fondazione-alleanza-nazionale","status":"publish","type":"post","link":"https:\/\/hl.museostorico.it\/historylabmagazine\/opinioni\/giuseppe-valentino-il-punto-di-vista-della-fondazione-alleanza-nazionale\/","title":{"rendered":"Giuseppe Valentino, il punto di vista della Fondazione Alleanza Nazionale"},"content":{"rendered":"\n<p><strong>La Fondazione Alleanza Nazionale, che ha tra le sue finalit\u00e0 lo studio della storia e della cultura politica della destra italiana, come si rapporta al tema della musealizzazione del fascismo come periodo storico?<\/strong><\/p>\n\n\n\n<blockquote class=\"wp-block-quote is-layout-flow wp-block-quote-is-layout-flow\"><p>Ne prende atto. Il fascismo ha attraversato oltre venti anni della vita italiana, per cui scriverne \u2013 per contestare o apprezzare \u2013 ovvero esporne simboli e documenti sono elementi che contribuiscono ad una maggiore conoscenza.<\/p><\/blockquote>\n\n\n\n<p><strong>Come avete interpretato il dibattito, che ha diviso qualche anno fa anche gli storici italiani, sulla opportunit\u00e0 o meno di realizzare un museo dedicato al fascismo a Predappio? Quale \u00e8 stata nel recente passato e quale \u00e8 oggi la vostra posizione in merito all&#8217;idea di realizzare il museo?&nbsp;<\/strong><\/p>\n\n\n\n<blockquote class=\"wp-block-quote is-layout-flow wp-block-quote-is-layout-flow\"><p>Ribadisco ci\u00f2 che ho gi\u00e0 detto rispondendo alla prima domanda. La Fondazione \u00e8 vincolata al proprio Statuto che, all&#8217;articolo 2, indica quali siano le finalit\u00e0 per le quali \u00e8 stata costituita e, tra queste, la &#8220;Tutela e promozione del patrimonio politico e di cultura storica della destra italiana fino alla sua odierna evoluzione&#8221;.<br>Pertanto, tutto ci\u00f2 che da Massimo d&#8217;Azeglio ad oggi pu\u00f2 apparire d&#8217;interesse verso la politica di destra merita la nostra attenzione.<\/p><\/blockquote>\n\n\n\n<p><strong>Predappio \u00e8 un luogo della memoria e di pellegrinaggio essendo il comune dove \u00e8 nato e ha trovato sepoltura Benito Mussolini. A vostro avviso \u00e8 sufficiente quello che si offre oggi al visitatore o \u00e8 comunque necessario un ulteriore intervento di carattere storico, culturale e formativo? Nel caso fosse necessario questo intervento sarebbe meglio limitarsi alla biografia di Mussolini o proporre un angolo visuale allargato?<\/strong><\/p>\n\n\n\n<blockquote class=\"wp-block-quote is-layout-flow wp-block-quote-is-layout-flow\"><p>A Predappio persino alcuni produttori di vino ricordano Mussolini guarnendo con sue immagini le bottiglie che commerciano&#8230; come vede, la gamma di &#8220;offerte&#8221; che si fornisce ai visitatori \u00e8 la pi\u00f9 varia.&nbsp;<br>Gli interventi di approfondimento, cui Lei fa cenno, dovrebbero riguardare tutti i momenti della storia italiana che hanno contribuito, comunque, alla realt\u00e0 storico-culturale che stiamo vivendo e di cui sono presupposto: tutte testimonianze, dunque, che accompagnano l&#8217;Italia del terzo millennio.<br>Sempre l&#8217;articolo 2 del nostro Statuto pone al centro dei valori della Fondazione la solidariet\u00e0 e la democrazia e partendo da tali premesse, osserviamo con rispetto le iniziative&nbsp;culturali alle quali si d\u00e0 vita nel nostro Paese.<\/p><\/blockquote>\n\n\n\n<p>(Aggiornato al 6 maggio 2022)<\/p>\n","protected":false},"excerpt":{"rendered":"<p>Come si rapporta una fondazione che ha tra le sue finalit\u00e0 lo studio della storia e della cultura politica della destra italiana, al tema della musealizzazione del fascismo come periodo storico? Lo abbiamo chiesto al suo presidente.<\/p>\n","protected":false},"author":1,"featured_media":1027,"comment_status":"closed","ping_status":"closed","sticky":false,"template":"","format":"standard","meta":{"_acf_changed":false,"footnotes":""},"categories":[30],"tags":[],"aree":[],"numeri":[29],"class_list":["post-1026","post","type-post","status-publish","format-standard","has-post-thumbnail","hentry","category-opinioni","numeri-fascismo-da-museo"],"acf":[],"yoast_head":"<!-- This site is optimized with the Yoast SEO Premium plugin v20.4 (Yoast SEO v27.5) - https:\/\/yoast.com\/product\/yoast-seo-premium-wordpress\/ -->\n<title>Giuseppe Valentino, il punto di vista della Fondazione Alleanza Nazionale - HistoryLabMagazine<\/title>\n<meta name=\"description\" content=\"Come si rapporta una fondazione che ha tra le sue finalit\u00e0 lo studio della storia e della cultura politica della destra italiana, al tema della musealizzazione del fascismo come periodo storico? Lo abbiamo chiesto al suo presidente.\" \/>\n<meta name=\"robots\" content=\"index, follow, max-snippet:-1, max-image-preview:large, max-video-preview:-1\" \/>\n<link rel=\"canonical\" href=\"https:\/\/hl.museostorico.it\/historylabmagazine\/opinioni\/giuseppe-valentino-il-punto-di-vista-della-fondazione-alleanza-nazionale\/\" \/>\n<meta property=\"og:locale\" content=\"it_IT\" \/>\n<meta property=\"og:type\" content=\"article\" \/>\n<meta property=\"og:title\" content=\"Giuseppe Valentino, il punto di vista della Fondazione Alleanza Nazionale\" \/>\n<meta property=\"og:description\" content=\"Come si rapporta una fondazione che ha tra le sue finalit\u00e0 lo studio della storia e della cultura politica della destra italiana, al tema della musealizzazione del fascismo come periodo storico? Lo abbiamo chiesto al suo presidente.\" \/>\n<meta property=\"og:url\" content=\"https:\/\/hl.museostorico.it\/historylabmagazine\/opinioni\/giuseppe-valentino-il-punto-di-vista-della-fondazione-alleanza-nazionale\/\" \/>\n<meta property=\"og:site_name\" content=\"HistoryLabMagazine\" \/>\n<meta property=\"article:publisher\" content=\"https:\/\/www.facebook.com\/museostorico\" \/>\n<meta property=\"article:published_time\" content=\"2022-05-05T19:10:13+00:00\" \/>\n<meta property=\"article:modified_time\" content=\"2022-06-16T08:55:33+00:00\" \/>\n<meta property=\"og:image\" content=\"https:\/\/hl.museostorico.it\/historylabmagazine\/wp-content\/uploads\/sites\/2\/2022\/04\/05_Opinioni-_Copertina.jpg\" \/>\n\t<meta property=\"og:image:width\" content=\"1272\" \/>\n\t<meta property=\"og:image:height\" content=\"764\" \/>\n\t<meta property=\"og:image:type\" content=\"image\/jpeg\" \/>\n<meta name=\"author\" content=\"omar\" \/>\n<meta name=\"twitter:card\" content=\"summary_large_image\" \/>\n<meta name=\"twitter:label1\" content=\"Scritto da\" \/>\n\t<meta name=\"twitter:data1\" content=\"omar\" \/>\n\t<meta name=\"twitter:label2\" content=\"Tempo di lettura stimato\" \/>\n\t<meta name=\"twitter:data2\" content=\"2 minuti\" \/>\n<script type=\"application\/ld+json\" class=\"yoast-schema-graph\">{\"@context\":\"https:\\\/\\\/schema.org\",\"@graph\":[{\"@type\":\"Article\",\"@id\":\"https:\\\/\\\/hl.museostorico.it\\\/historylabmagazine\\\/opinioni\\\/giuseppe-valentino-il-punto-di-vista-della-fondazione-alleanza-nazionale\\\/#article\",\"isPartOf\":{\"@id\":\"https:\\\/\\\/hl.museostorico.it\\\/historylabmagazine\\\/opinioni\\\/giuseppe-valentino-il-punto-di-vista-della-fondazione-alleanza-nazionale\\\/\"},\"author\":{\"name\":\"omar\",\"@id\":\"https:\\\/\\\/hl.museostorico.it\\\/historylabmagazine\\\/#\\\/schema\\\/person\\\/d5c97491f40df75993b760e8bad0895c\"},\"headline\":\"Giuseppe Valentino, il punto di vista della Fondazione Alleanza Nazionale\",\"datePublished\":\"2022-05-05T19:10:13+00:00\",\"dateModified\":\"2022-06-16T08:55:33+00:00\",\"mainEntityOfPage\":{\"@id\":\"https:\\\/\\\/hl.museostorico.it\\\/historylabmagazine\\\/opinioni\\\/giuseppe-valentino-il-punto-di-vista-della-fondazione-alleanza-nazionale\\\/\"},\"wordCount\":373,\"publisher\":{\"@id\":\"https:\\\/\\\/hl.museostorico.it\\\/historylabmagazine\\\/#organization\"},\"image\":{\"@id\":\"https:\\\/\\\/hl.museostorico.it\\\/historylabmagazine\\\/opinioni\\\/giuseppe-valentino-il-punto-di-vista-della-fondazione-alleanza-nazionale\\\/#primaryimage\"},\"thumbnailUrl\":\"https:\\\/\\\/hl.museostorico.it\\\/historylabmagazine\\\/wp-content\\\/uploads\\\/sites\\\/2\\\/2022\\\/04\\\/05_Opinioni-_Copertina.jpg\",\"articleSection\":[\"Opinioni\"],\"inLanguage\":\"it-IT\"},{\"@type\":\"WebPage\",\"@id\":\"https:\\\/\\\/hl.museostorico.it\\\/historylabmagazine\\\/opinioni\\\/giuseppe-valentino-il-punto-di-vista-della-fondazione-alleanza-nazionale\\\/\",\"url\":\"https:\\\/\\\/hl.museostorico.it\\\/historylabmagazine\\\/opinioni\\\/giuseppe-valentino-il-punto-di-vista-della-fondazione-alleanza-nazionale\\\/\",\"name\":\"Giuseppe Valentino, il punto di vista della Fondazione Alleanza Nazionale - HistoryLabMagazine\",\"isPartOf\":{\"@id\":\"https:\\\/\\\/hl.museostorico.it\\\/historylabmagazine\\\/#website\"},\"primaryImageOfPage\":{\"@id\":\"https:\\\/\\\/hl.museostorico.it\\\/historylabmagazine\\\/opinioni\\\/giuseppe-valentino-il-punto-di-vista-della-fondazione-alleanza-nazionale\\\/#primaryimage\"},\"image\":{\"@id\":\"https:\\\/\\\/hl.museostorico.it\\\/historylabmagazine\\\/opinioni\\\/giuseppe-valentino-il-punto-di-vista-della-fondazione-alleanza-nazionale\\\/#primaryimage\"},\"thumbnailUrl\":\"https:\\\/\\\/hl.museostorico.it\\\/historylabmagazine\\\/wp-content\\\/uploads\\\/sites\\\/2\\\/2022\\\/04\\\/05_Opinioni-_Copertina.jpg\",\"datePublished\":\"2022-05-05T19:10:13+00:00\",\"dateModified\":\"2022-06-16T08:55:33+00:00\",\"description\":\"Come si rapporta una fondazione che ha tra le sue finalit\u00e0 lo studio della storia e della cultura politica della destra italiana, al tema della musealizzazione del fascismo come periodo storico? Lo abbiamo chiesto al suo presidente.\",\"breadcrumb\":{\"@id\":\"https:\\\/\\\/hl.museostorico.it\\\/historylabmagazine\\\/opinioni\\\/giuseppe-valentino-il-punto-di-vista-della-fondazione-alleanza-nazionale\\\/#breadcrumb\"},\"inLanguage\":\"it-IT\",\"potentialAction\":[{\"@type\":\"ReadAction\",\"target\":[\"https:\\\/\\\/hl.museostorico.it\\\/historylabmagazine\\\/opinioni\\\/giuseppe-valentino-il-punto-di-vista-della-fondazione-alleanza-nazionale\\\/\"]}]},{\"@type\":\"ImageObject\",\"inLanguage\":\"it-IT\",\"@id\":\"https:\\\/\\\/hl.museostorico.it\\\/historylabmagazine\\\/opinioni\\\/giuseppe-valentino-il-punto-di-vista-della-fondazione-alleanza-nazionale\\\/#primaryimage\",\"url\":\"https:\\\/\\\/hl.museostorico.it\\\/historylabmagazine\\\/wp-content\\\/uploads\\\/sites\\\/2\\\/2022\\\/04\\\/05_Opinioni-_Copertina.jpg\",\"contentUrl\":\"https:\\\/\\\/hl.museostorico.it\\\/historylabmagazine\\\/wp-content\\\/uploads\\\/sites\\\/2\\\/2022\\\/04\\\/05_Opinioni-_Copertina.jpg\",\"width\":1272,\"height\":764},{\"@type\":\"BreadcrumbList\",\"@id\":\"https:\\\/\\\/hl.museostorico.it\\\/historylabmagazine\\\/opinioni\\\/giuseppe-valentino-il-punto-di-vista-della-fondazione-alleanza-nazionale\\\/#breadcrumb\",\"itemListElement\":[{\"@type\":\"ListItem\",\"position\":1,\"name\":\"Home\",\"item\":\"https:\\\/\\\/hl.museostorico.it\\\/historylabmagazine\\\/\"},{\"@type\":\"ListItem\",\"position\":2,\"name\":\"Giuseppe Valentino, il punto di vista della Fondazione Alleanza Nazionale\"}]},{\"@type\":\"WebSite\",\"@id\":\"https:\\\/\\\/hl.museostorico.it\\\/historylabmagazine\\\/#website\",\"url\":\"https:\\\/\\\/hl.museostorico.it\\\/historylabmagazine\\\/\",\"name\":\"HistoryLabMagazine\",\"description\":\"Fondazione Museo Storico del Trentino\",\"publisher\":{\"@id\":\"https:\\\/\\\/hl.museostorico.it\\\/historylabmagazine\\\/#organization\"},\"potentialAction\":[{\"@type\":\"SearchAction\",\"target\":{\"@type\":\"EntryPoint\",\"urlTemplate\":\"https:\\\/\\\/hl.museostorico.it\\\/historylabmagazine\\\/?s={search_term_string}\"},\"query-input\":{\"@type\":\"PropertyValueSpecification\",\"valueRequired\":true,\"valueName\":\"search_term_string\"}}],\"inLanguage\":\"it-IT\"},{\"@type\":\"Organization\",\"@id\":\"https:\\\/\\\/hl.museostorico.it\\\/historylabmagazine\\\/#organization\",\"name\":\"Fondazione Museo Storico del Trentino\",\"url\":\"https:\\\/\\\/hl.museostorico.it\\\/historylabmagazine\\\/\",\"logo\":{\"@type\":\"ImageObject\",\"inLanguage\":\"it-IT\",\"@id\":\"https:\\\/\\\/hl.museostorico.it\\\/historylabmagazine\\\/#\\\/schema\\\/logo\\\/image\\\/\",\"url\":\"https:\\\/\\\/hl.museostorico.it\\\/historylabmagazine\\\/wp-content\\\/uploads\\\/sites\\\/2\\\/2022\\\/04\\\/favicon.jpg\",\"contentUrl\":\"https:\\\/\\\/hl.museostorico.it\\\/historylabmagazine\\\/wp-content\\\/uploads\\\/sites\\\/2\\\/2022\\\/04\\\/favicon.jpg\",\"width\":176,\"height\":176,\"caption\":\"Fondazione Museo Storico del Trentino\"},\"image\":{\"@id\":\"https:\\\/\\\/hl.museostorico.it\\\/historylabmagazine\\\/#\\\/schema\\\/logo\\\/image\\\/\"},\"sameAs\":[\"https:\\\/\\\/www.facebook.com\\\/museostorico\",\"https:\\\/\\\/www.instagram.com\\\/museostorico\\\/\",\"https:\\\/\\\/www.youtube.com\\\/c\\\/museostorico\"]},{\"@type\":\"Person\",\"@id\":\"https:\\\/\\\/hl.museostorico.it\\\/historylabmagazine\\\/#\\\/schema\\\/person\\\/d5c97491f40df75993b760e8bad0895c\",\"name\":\"omar\",\"image\":{\"@type\":\"ImageObject\",\"inLanguage\":\"it-IT\",\"@id\":\"https:\\\/\\\/hl.museostorico.it\\\/historylabmagazine\\\/wp-content\\\/litespeed\\\/avatar\\\/2\\\/48152516af6ddbb91e5f7fcf05dca98f.jpg?ver=1777057092\",\"url\":\"https:\\\/\\\/hl.museostorico.it\\\/historylabmagazine\\\/wp-content\\\/litespeed\\\/avatar\\\/2\\\/48152516af6ddbb91e5f7fcf05dca98f.jpg?ver=1777057092\",\"contentUrl\":\"https:\\\/\\\/hl.museostorico.it\\\/historylabmagazine\\\/wp-content\\\/litespeed\\\/avatar\\\/2\\\/48152516af6ddbb91e5f7fcf05dca98f.jpg?ver=1777057092\",\"caption\":\"omar\"},\"description\":\"Ibus et pernam cus quev olormi, cons ed volore pro omni eni mpedit quibus sedia sitatur re num delic te officiend sedia sitatur re num.\",\"sameAs\":[\"https:\\\/\\\/hl.museostorico.it\"]}]}<\/script>\n<!-- \/ Yoast SEO Premium plugin. -->","yoast_head_json":{"title":"Giuseppe Valentino, il punto di vista della Fondazione Alleanza Nazionale - HistoryLabMagazine","description":"Come si rapporta una fondazione che ha tra le sue finalit\u00e0 lo studio della storia e della cultura politica della destra italiana, al tema della musealizzazione del fascismo come periodo storico? Lo abbiamo chiesto al suo presidente.","robots":{"index":"index","follow":"follow","max-snippet":"max-snippet:-1","max-image-preview":"max-image-preview:large","max-video-preview":"max-video-preview:-1"},"canonical":"https:\/\/hl.museostorico.it\/historylabmagazine\/opinioni\/giuseppe-valentino-il-punto-di-vista-della-fondazione-alleanza-nazionale\/","og_locale":"it_IT","og_type":"article","og_title":"Giuseppe Valentino, il punto di vista della Fondazione Alleanza Nazionale","og_description":"Come si rapporta una fondazione che ha tra le sue finalit\u00e0 lo studio della storia e della cultura politica della destra italiana, al tema della musealizzazione del fascismo come periodo storico? Lo abbiamo chiesto al suo presidente.","og_url":"https:\/\/hl.museostorico.it\/historylabmagazine\/opinioni\/giuseppe-valentino-il-punto-di-vista-della-fondazione-alleanza-nazionale\/","og_site_name":"HistoryLabMagazine","article_publisher":"https:\/\/www.facebook.com\/museostorico","article_published_time":"2022-05-05T19:10:13+00:00","article_modified_time":"2022-06-16T08:55:33+00:00","og_image":[{"width":1272,"height":764,"url":"https:\/\/hl.museostorico.it\/historylabmagazine\/wp-content\/uploads\/sites\/2\/2022\/04\/05_Opinioni-_Copertina.jpg","type":"image\/jpeg"}],"author":"omar","twitter_card":"summary_large_image","twitter_misc":{"Scritto da":"omar","Tempo di lettura stimato":"2 minuti"},"schema":{"@context":"https:\/\/schema.org","@graph":[{"@type":"Article","@id":"https:\/\/hl.museostorico.it\/historylabmagazine\/opinioni\/giuseppe-valentino-il-punto-di-vista-della-fondazione-alleanza-nazionale\/#article","isPartOf":{"@id":"https:\/\/hl.museostorico.it\/historylabmagazine\/opinioni\/giuseppe-valentino-il-punto-di-vista-della-fondazione-alleanza-nazionale\/"},"author":{"name":"omar","@id":"https:\/\/hl.museostorico.it\/historylabmagazine\/#\/schema\/person\/d5c97491f40df75993b760e8bad0895c"},"headline":"Giuseppe Valentino, il punto di vista della Fondazione Alleanza Nazionale","datePublished":"2022-05-05T19:10:13+00:00","dateModified":"2022-06-16T08:55:33+00:00","mainEntityOfPage":{"@id":"https:\/\/hl.museostorico.it\/historylabmagazine\/opinioni\/giuseppe-valentino-il-punto-di-vista-della-fondazione-alleanza-nazionale\/"},"wordCount":373,"publisher":{"@id":"https:\/\/hl.museostorico.it\/historylabmagazine\/#organization"},"image":{"@id":"https:\/\/hl.museostorico.it\/historylabmagazine\/opinioni\/giuseppe-valentino-il-punto-di-vista-della-fondazione-alleanza-nazionale\/#primaryimage"},"thumbnailUrl":"https:\/\/hl.museostorico.it\/historylabmagazine\/wp-content\/uploads\/sites\/2\/2022\/04\/05_Opinioni-_Copertina.jpg","articleSection":["Opinioni"],"inLanguage":"it-IT"},{"@type":"WebPage","@id":"https:\/\/hl.museostorico.it\/historylabmagazine\/opinioni\/giuseppe-valentino-il-punto-di-vista-della-fondazione-alleanza-nazionale\/","url":"https:\/\/hl.museostorico.it\/historylabmagazine\/opinioni\/giuseppe-valentino-il-punto-di-vista-della-fondazione-alleanza-nazionale\/","name":"Giuseppe Valentino, il punto di vista della Fondazione Alleanza Nazionale - HistoryLabMagazine","isPartOf":{"@id":"https:\/\/hl.museostorico.it\/historylabmagazine\/#website"},"primaryImageOfPage":{"@id":"https:\/\/hl.museostorico.it\/historylabmagazine\/opinioni\/giuseppe-valentino-il-punto-di-vista-della-fondazione-alleanza-nazionale\/#primaryimage"},"image":{"@id":"https:\/\/hl.museostorico.it\/historylabmagazine\/opinioni\/giuseppe-valentino-il-punto-di-vista-della-fondazione-alleanza-nazionale\/#primaryimage"},"thumbnailUrl":"https:\/\/hl.museostorico.it\/historylabmagazine\/wp-content\/uploads\/sites\/2\/2022\/04\/05_Opinioni-_Copertina.jpg","datePublished":"2022-05-05T19:10:13+00:00","dateModified":"2022-06-16T08:55:33+00:00","description":"Come si rapporta una fondazione che ha tra le sue finalit\u00e0 lo studio della storia e della cultura politica della destra italiana, al tema della musealizzazione del fascismo come periodo storico? Lo abbiamo chiesto al suo presidente.","breadcrumb":{"@id":"https:\/\/hl.museostorico.it\/historylabmagazine\/opinioni\/giuseppe-valentino-il-punto-di-vista-della-fondazione-alleanza-nazionale\/#breadcrumb"},"inLanguage":"it-IT","potentialAction":[{"@type":"ReadAction","target":["https:\/\/hl.museostorico.it\/historylabmagazine\/opinioni\/giuseppe-valentino-il-punto-di-vista-della-fondazione-alleanza-nazionale\/"]}]},{"@type":"ImageObject","inLanguage":"it-IT","@id":"https:\/\/hl.museostorico.it\/historylabmagazine\/opinioni\/giuseppe-valentino-il-punto-di-vista-della-fondazione-alleanza-nazionale\/#primaryimage","url":"https:\/\/hl.museostorico.it\/historylabmagazine\/wp-content\/uploads\/sites\/2\/2022\/04\/05_Opinioni-_Copertina.jpg","contentUrl":"https:\/\/hl.museostorico.it\/historylabmagazine\/wp-content\/uploads\/sites\/2\/2022\/04\/05_Opinioni-_Copertina.jpg","width":1272,"height":764},{"@type":"BreadcrumbList","@id":"https:\/\/hl.museostorico.it\/historylabmagazine\/opinioni\/giuseppe-valentino-il-punto-di-vista-della-fondazione-alleanza-nazionale\/#breadcrumb","itemListElement":[{"@type":"ListItem","position":1,"name":"Home","item":"https:\/\/hl.museostorico.it\/historylabmagazine\/"},{"@type":"ListItem","position":2,"name":"Giuseppe Valentino, il punto di vista della Fondazione Alleanza Nazionale"}]},{"@type":"WebSite","@id":"https:\/\/hl.museostorico.it\/historylabmagazine\/#website","url":"https:\/\/hl.museostorico.it\/historylabmagazine\/","name":"HistoryLabMagazine","description":"Fondazione Museo Storico del Trentino","publisher":{"@id":"https:\/\/hl.museostorico.it\/historylabmagazine\/#organization"},"potentialAction":[{"@type":"SearchAction","target":{"@type":"EntryPoint","urlTemplate":"https:\/\/hl.museostorico.it\/historylabmagazine\/?s={search_term_string}"},"query-input":{"@type":"PropertyValueSpecification","valueRequired":true,"valueName":"search_term_string"}}],"inLanguage":"it-IT"},{"@type":"Organization","@id":"https:\/\/hl.museostorico.it\/historylabmagazine\/#organization","name":"Fondazione Museo Storico del Trentino","url":"https:\/\/hl.museostorico.it\/historylabmagazine\/","logo":{"@type":"ImageObject","inLanguage":"it-IT","@id":"https:\/\/hl.museostorico.it\/historylabmagazine\/#\/schema\/logo\/image\/","url":"https:\/\/hl.museostorico.it\/historylabmagazine\/wp-content\/uploads\/sites\/2\/2022\/04\/favicon.jpg","contentUrl":"https:\/\/hl.museostorico.it\/historylabmagazine\/wp-content\/uploads\/sites\/2\/2022\/04\/favicon.jpg","width":176,"height":176,"caption":"Fondazione Museo Storico del Trentino"},"image":{"@id":"https:\/\/hl.museostorico.it\/historylabmagazine\/#\/schema\/logo\/image\/"},"sameAs":["https:\/\/www.facebook.com\/museostorico","https:\/\/www.instagram.com\/museostorico\/","https:\/\/www.youtube.com\/c\/museostorico"]},{"@type":"Person","@id":"https:\/\/hl.museostorico.it\/historylabmagazine\/#\/schema\/person\/d5c97491f40df75993b760e8bad0895c","name":"omar","image":{"@type":"ImageObject","inLanguage":"it-IT","@id":"https:\/\/hl.museostorico.it\/historylabmagazine\/wp-content\/litespeed\/avatar\/2\/48152516af6ddbb91e5f7fcf05dca98f.jpg?ver=1777057092","url":"https:\/\/hl.museostorico.it\/historylabmagazine\/wp-content\/litespeed\/avatar\/2\/48152516af6ddbb91e5f7fcf05dca98f.jpg?ver=1777057092","contentUrl":"https:\/\/hl.museostorico.it\/historylabmagazine\/wp-content\/litespeed\/avatar\/2\/48152516af6ddbb91e5f7fcf05dca98f.jpg?ver=1777057092","caption":"omar"},"description":"Ibus et pernam cus quev olormi, cons ed volore pro omni eni mpedit quibus sedia sitatur re num delic te officiend sedia sitatur re num.","sameAs":["https:\/\/hl.museostorico.it"]}]}},"_links":{"self":[{"href":"https:\/\/hl.museostorico.it\/historylabmagazine\/wp-json\/wp\/v2\/posts\/1026","targetHints":{"allow":["GET"]}}],"collection":[{"href":"https:\/\/hl.museostorico.it\/historylabmagazine\/wp-json\/wp\/v2\/posts"}],"about":[{"href":"https:\/\/hl.museostorico.it\/historylabmagazine\/wp-json\/wp\/v2\/types\/post"}],"author":[{"embeddable":true,"href":"https:\/\/hl.museostorico.it\/historylabmagazine\/wp-json\/wp\/v2\/users\/1"}],"replies":[{"embeddable":true,"href":"https:\/\/hl.museostorico.it\/historylabmagazine\/wp-json\/wp\/v2\/comments?post=1026"}],"version-history":[{"count":0,"href":"https:\/\/hl.museostorico.it\/historylabmagazine\/wp-json\/wp\/v2\/posts\/1026\/revisions"}],"wp:featuredmedia":[{"embeddable":true,"href":"https:\/\/hl.museostorico.it\/historylabmagazine\/wp-json\/wp\/v2\/media\/1027"}],"wp:attachment":[{"href":"https:\/\/hl.museostorico.it\/historylabmagazine\/wp-json\/wp\/v2\/media?parent=1026"}],"wp:term":[{"taxonomy":"category","embeddable":true,"href":"https:\/\/hl.museostorico.it\/historylabmagazine\/wp-json\/wp\/v2\/categories?post=1026"},{"taxonomy":"post_tag","embeddable":true,"href":"https:\/\/hl.museostorico.it\/historylabmagazine\/wp-json\/wp\/v2\/tags?post=1026"},{"taxonomy":"aree","embeddable":true,"href":"https:\/\/hl.museostorico.it\/historylabmagazine\/wp-json\/wp\/v2\/aree?post=1026"},{"taxonomy":"numeri","embeddable":true,"href":"https:\/\/hl.museostorico.it\/historylabmagazine\/wp-json\/wp\/v2\/numeri?post=1026"}],"curies":[{"name":"wp","href":"https:\/\/api.w.org\/{rel}","templated":true}]}}