{"id":2261,"date":"2023-02-08T17:40:29","date_gmt":"2023-02-08T15:40:29","guid":{"rendered":"https:\/\/hl.museostorico.it\/historylabmagazine\/?p=2261"},"modified":"2023-02-08T17:40:29","modified_gmt":"2023-02-08T15:40:29","slug":"dimmi-da-chi-ti-vesti-e-ti-diro-chi-sei","status":"publish","type":"post","link":"https:\/\/hl.museostorico.it\/historylabmagazine\/topic\/dimmi-da-chi-ti-vesti-e-ti-diro-chi-sei\/","title":{"rendered":"Dimmi da chi ti vesti e ti dir\u00f2 chi sei"},"content":{"rendered":"\n<p>Potremmo partire dal principe Harry.<\/p>\n\n\n\n<p>Era il 2005 e il secondogenito di re Carlo III pens\u00f2 bene di andare a una festa in maschera vestito da nazista.<\/p>\n\n\n\n<figure class=\"wp-block-image size-large\"><img loading=\"lazy\" decoding=\"async\" width=\"1024\" height=\"684\" src=\"https:\/\/hl.museostorico.it\/historylabmagazine\/wp-content\/uploads\/sites\/2\/2023\/01\/02_HLM_Topic_Illustrazione_1-1024x684.jpg\" alt=\"\" class=\"wp-image-2264\" srcset=\"https:\/\/hl.museostorico.it\/historylabmagazine\/wp-content\/uploads\/sites\/2\/2023\/01\/02_HLM_Topic_Illustrazione_1-1024x684.jpg 1024w, https:\/\/hl.museostorico.it\/historylabmagazine\/wp-content\/uploads\/sites\/2\/2023\/01\/02_HLM_Topic_Illustrazione_1-300x200.jpg 300w, https:\/\/hl.museostorico.it\/historylabmagazine\/wp-content\/uploads\/sites\/2\/2023\/01\/02_HLM_Topic_Illustrazione_1-768x513.jpg 768w, https:\/\/hl.museostorico.it\/historylabmagazine\/wp-content\/uploads\/sites\/2\/2023\/01\/02_HLM_Topic_Illustrazione_1.jpg 1078w\" sizes=\"auto, (max-width: 1024px) 100vw, 1024px\" \/><\/figure>\n\n\n\n<p>Un atto in s\u00e9 di semplice cattivo gusto fin\u00ec al centro dell\u2019attenzione mondiale: Harry, gi\u00e0 all\u2019epoca sotto i riflettori per alcune <em>gaffe<\/em> minori, non solo era un personaggio pubblico particolarmente attenzionato dai media, ma era uno degli eredi al trono d\u2019Inghilterra, il Paese che combatt\u00e9 per mesi, da solo, la furia nazista. La nazione che pi\u00f9 di altre mitizz\u00f2 nel secondo dopoguerra quella vittoria che coincise con la fine dell\u2019impero britannico e del Regno Unito come superpotenza planetaria. Insomma, un tasto a dir poco sensibile per l\u2019opinione pubblica britannica. Era solo un costume, nemmeno troppo accurato, che non voleva avere altro significato se non quello di essere parte di uno scherzo mal architettato. Eppure, fece esplodere uno scandalo che segn\u00f2 per sempre la figura dell\u2019attuale duca di Sussex.<\/p>\n\n\n\n<p>Travestirsi, in un tempo di immagine esposta come quello attuale, non equivale mai a coprirsi, ma sempre pi\u00f9 spesso significa comunicare. In una societ\u00e0 dove sempre pi\u00f9 \u201cl\u2019abito fa il monaco\u201d, la scelta di mostrarsi vestendo determinati panni implica un corollario piuttosto ampio di significati.<\/p>\n\n\n\n<p>Che esibire un costume porti con s\u00e9 un possibile messaggio pubblico \u00e8 evidente: si prenda come esempio estremo le disgustose sfilate di persone in divisa da deportati durante le manifestazioni contro le restrizioni per la pandemia. Dei semplici travestimenti sono riusciti a catalizzare in maniera potente un messaggio semplice e diretto, con un effetto comunicativo devastante e difficilmente replicabile con altri mezzi.<\/p>\n\n\n\n<p>Fortunatamente c\u2019\u00e8 chi questa forza comunicativa decide di incanalarla per accompagnare momenti formativi, come ad esempio nelle rievocazioni storiche che accompagnano manifestazioni pubbliche, anniversari e momenti di memoria collettiva. Un sempre pi\u00f9 ampio movimento di storici e appassionati sta infatti dimostrando attraverso eventi rievocativi che l\u2019idea di \u201cvestirsi coi panni del passato\u201d ha, oltre a una innegabile base di divertimento per chi lo pratica, anche una funzione sempre pi\u00f9 riconosciuta e riconoscibile nei confronti dell\u2019educazione storica divulgativa.<\/p>\n\n\n\n<p>Entrato a far parte a buon diritto del vasto movimento che va sotto il nome di <em>public history, <\/em>il mondo della rievocazione contribuisce alla diffusione della conoscenza storica e dei molteplici aspetti del passato attraverso i molti significati che \u201ctravestirsi\u201d porta con s\u00e9. Mettersi nei panni, letteralmente, di persone non pi\u00f9 esistenti, significa non solo riproporre i loro modi di vita ma, in maniera sempre pi\u00f9 accurata, mostrare la loro esistenza e, con una buona dose di emotivit\u00e0, \u201criportarli in vita\u201d. Un\u2019operazione semantica che per\u00f2 non sempre pu\u00f2 sperarsi neutra.<\/p>\n\n\n\n<p>Certo, assistere alla rievocazione di uno scontro tra cavalieri in armatura pu\u00f2 essere un\u2019esperienza forte ma difficilmente attualizzabile. L\u2019emozione che si prova \u00e8 simile a quella che scaturisce dall\u2019ascolto di una favola o dalla visione di un film.<\/p>\n\n\n\n<p>Ma non tutto scorre sempre cos\u00ec liscio.<\/p>\n\n\n\n<p>Le rievocazioni della battaglia Boyne, che nel 1690 segn\u00f2 la conquista dell\u2019Irlanda da parte degli inglesi, sono oggetto di scontri ogni volta che l\u2019attualit\u00e0 politica e sociale dell\u2019Irlanda del Nord rende queste rievocazioni un catalizzatore di violenza.<\/p>\n\n\n\n<figure class=\"wp-block-image size-large\"><img loading=\"lazy\" decoding=\"async\" width=\"1024\" height=\"684\" src=\"https:\/\/hl.museostorico.it\/historylabmagazine\/wp-content\/uploads\/sites\/2\/2023\/01\/02_HLM_Topic_Illustrazione_2-1024x684.jpg\" alt=\"\" class=\"wp-image-2263\" srcset=\"https:\/\/hl.museostorico.it\/historylabmagazine\/wp-content\/uploads\/sites\/2\/2023\/01\/02_HLM_Topic_Illustrazione_2-1024x684.jpg 1024w, https:\/\/hl.museostorico.it\/historylabmagazine\/wp-content\/uploads\/sites\/2\/2023\/01\/02_HLM_Topic_Illustrazione_2-300x200.jpg 300w, https:\/\/hl.museostorico.it\/historylabmagazine\/wp-content\/uploads\/sites\/2\/2023\/01\/02_HLM_Topic_Illustrazione_2-768x513.jpg 768w, https:\/\/hl.museostorico.it\/historylabmagazine\/wp-content\/uploads\/sites\/2\/2023\/01\/02_HLM_Topic_Illustrazione_2.jpg 1078w\" sizes=\"auto, (max-width: 1024px) 100vw, 1024px\" \/><\/figure>\n\n\n\n<p>Allo stesso modo nel Sud degli Stati Uniti le rievocazioni delle battaglie della guerra civile in cui vinsero i secessionisti che combattevano per il mantenimento della schiavit\u00f9 aumentano periodicamente le tensioni tra bianchi e neri.<\/p>\n\n\n\n<p>La rievocazione, come momento di ricostruzione filologica di un pezzo di passato attraverso la sua riproposizione scenica, \u00e8 un vero e proprio atto di interpretazione storica, per certi versi simile alla classica analisi storiografica delle fonti e alla loro critica. Un \u201csaggio dal vivo\u201d. Ed esattamente come per il saggio di interpretazione storica, una rievocazione messa in atto nel luogo sbagliato al momento sbagliato &#8211; o nel luogo giusto al momento giusto &#8211; non pu\u00f2 sottrarsi a un possibile uso pubblico o addirittura politico.<\/p>\n\n\n\n<p>Nel 2015 in Trentino e in Sud Tirolo, ad esempio, esplose la polemica attorno a una scelta \u201cdi costume\u201d da parte delle compagnie Sch\u00fctzen.<\/p>\n\n\n\n<figure class=\"wp-block-image size-large\"><img loading=\"lazy\" decoding=\"async\" width=\"1024\" height=\"684\" src=\"https:\/\/hl.museostorico.it\/historylabmagazine\/wp-content\/uploads\/sites\/2\/2023\/01\/02_HLM_Topic_Illustrazione_3-1024x684.jpg\" alt=\"\" class=\"wp-image-2262\" srcset=\"https:\/\/hl.museostorico.it\/historylabmagazine\/wp-content\/uploads\/sites\/2\/2023\/01\/02_HLM_Topic_Illustrazione_3-1024x684.jpg 1024w, https:\/\/hl.museostorico.it\/historylabmagazine\/wp-content\/uploads\/sites\/2\/2023\/01\/02_HLM_Topic_Illustrazione_3-300x200.jpg 300w, https:\/\/hl.museostorico.it\/historylabmagazine\/wp-content\/uploads\/sites\/2\/2023\/01\/02_HLM_Topic_Illustrazione_3-768x513.jpg 768w, https:\/\/hl.museostorico.it\/historylabmagazine\/wp-content\/uploads\/sites\/2\/2023\/01\/02_HLM_Topic_Illustrazione_3.jpg 1078w\" sizes=\"auto, (max-width: 1024px) 100vw, 1024px\" \/><\/figure>\n\n\n\n<p>Molte compagnie eredi ideali delle milizie territoriali asburgiche, durante cerimonie pubbliche o momenti di celebrazione sono solite esibirsi in salve d\u2019onore con armi da fuoco. Quando si scopr\u00ec che i gruppi regionali avevano adottato come arma da parata il fucile Mauser 98k, un tipo di carabina opportunamente modificato ma gi\u00e0 in uso presso i reparti della Wehrmacht, esplose la polemica. Gli Sch\u00fctzen vennero accusati di riesumare con la loro scelta un triste capitolo della storia locale. Tanto pi\u00f9, si diceva, che in punta di filologia uniformologica il Mauser 98k non era l\u2019arma di ordinanza delle milizie territoriali austriache. La scelta di questa particolare carabina era quindi, si dedusse, una presa di posizione: gli Sch\u00fctzen volevano sfilare con le armi dei nazisti. Le compagnie si difesero negando qualsiasi vicinanza a idee totalitarie e sottolineando che quel tipo di fucile era semplicemente abbastanza diffuso, economico, simile a quelli del tempo e facilmente modificabile per essere trasformato in arma da cerimonia.<br>Della cosa si occup\u00f2 la politica nazionale, che sanc\u00ec poi con un&#8217;apposita legge il diritto degli Sch\u00fctzen a portare l\u2019arma.<\/p>\n\n\n\n<p>Ovviamente non si tratt\u00f2 di una semplice questione di accuratezza storica: le cerimonie dei bersaglieri tirolesi venivano e vengono lette anche come espressioni politicamente significative e come tali possono suscitare le polemiche tipiche dell\u2019attualit\u00e0. Un uso politico della storia.<\/p>\n\n\n\n<p>La forza evocativa delle rievocazioni storiche porta con s\u00e9 la necessit\u00e0 di essere consci che la scelta di argomenti, modi e tempi di esecuzione \u00e8 un vero e proprio messaggio diretto al pubblico che assiste, e come tale deve essere calibrato se non si vuole lasciarlo in bal\u00eca delle strumentalizzazioni.<\/p>\n\n\n\n<p>Una rievocazione, come qualsiasi momento di costruzione di memoria collettiva, non \u00e8 n\u00e9 sar\u00e0 mai un atto neutro nel momento stesso in cui questo atto viene esposto a un pubblico con la funzione di farlo entrare in contatto con la storia.<\/p>\n\n\n\n<p>Per questo, dopo averla riconosciuta come fonte di storia, \u00e8 necessario che questa particolare forma di esibizione si sottoponga alle regole della metodologia della ricerca storica non solo per quanto riguarda l\u2019accuratezza ma anche per quanto riguarda quella che, con una punta di romanticismo, definiremo \u201csincerit\u00e0\u201d.<\/p>\n\n\n\n<p>(Aggiornato al 9 febbraio 2023)<\/p>\n","protected":false},"excerpt":{"rendered":"<p>Le rievocazioni storiche in costume sono un fenomeno sempre pi\u00f9 presente nel panorama delle iniziative della Public History, ma indossare un costume e \u201cmostrare dal vivo\u201d il passato spesso non \u00e8 un atto di ricordo neutro. Si pu\u00f2 fare un uso politico della storia anche in calzamaglia.<\/p>\n","protected":false},"author":1,"featured_media":0,"comment_status":"closed","ping_status":"closed","sticky":false,"template":"","format":"standard","meta":{"_acf_changed":false,"footnotes":""},"categories":[9],"tags":[],"aree":[],"numeri":[40],"class_list":["post-2261","post","type-post","status-publish","format-standard","hentry","category-topic","numeri-nei-panni-della-storia"],"acf":[],"yoast_head":"<!-- This site is optimized with the Yoast SEO Premium plugin v20.4 (Yoast SEO v27.5) - https:\/\/yoast.com\/product\/yoast-seo-premium-wordpress\/ -->\n<title>Dimmi da chi ti vesti e ti dir\u00f2 chi sei - HistoryLabMagazine<\/title>\n<meta name=\"description\" content=\"Le rievocazioni storiche in costume sono un fenomeno sempre pi\u00f9 presente nel panorama delle iniziative della Public History, ma indossare un costume e \u201cmostrare dal vivo\u201d il passato spesso non \u00e8 un atto di ricordo neutro. Si pu\u00f2 fare un uso politico della storia anche in calzamaglia.\" \/>\n<meta name=\"robots\" content=\"index, follow, max-snippet:-1, max-image-preview:large, max-video-preview:-1\" \/>\n<link rel=\"canonical\" href=\"https:\/\/hl.museostorico.it\/historylabmagazine\/topic\/dimmi-da-chi-ti-vesti-e-ti-diro-chi-sei\/\" \/>\n<meta property=\"og:locale\" content=\"it_IT\" \/>\n<meta property=\"og:type\" content=\"article\" \/>\n<meta property=\"og:title\" content=\"Dimmi da chi ti vesti e ti dir\u00f2 chi sei\" \/>\n<meta property=\"og:description\" content=\"Le rievocazioni storiche in costume sono un fenomeno sempre pi\u00f9 presente nel panorama delle iniziative della Public History, ma indossare un costume e \u201cmostrare dal vivo\u201d il passato spesso non \u00e8 un atto di ricordo neutro. Si pu\u00f2 fare un uso politico della storia anche in calzamaglia.\" \/>\n<meta property=\"og:url\" content=\"https:\/\/hl.museostorico.it\/historylabmagazine\/topic\/dimmi-da-chi-ti-vesti-e-ti-diro-chi-sei\/\" \/>\n<meta property=\"og:site_name\" content=\"HistoryLabMagazine\" \/>\n<meta property=\"article:publisher\" content=\"https:\/\/www.facebook.com\/museostorico\" \/>\n<meta property=\"article:published_time\" content=\"2023-02-08T15:40:29+00:00\" \/>\n<meta property=\"og:image\" content=\"https:\/\/hl.museostorico.it\/historylabmagazine\/wp-content\/uploads\/sites\/2\/2023\/01\/02_HLM_Topic_Illustrazione_1-1024x684.jpg\" \/>\n<meta name=\"author\" content=\"omar\" \/>\n<meta name=\"twitter:card\" content=\"summary_large_image\" \/>\n<meta name=\"twitter:label1\" content=\"Scritto da\" \/>\n\t<meta name=\"twitter:data1\" content=\"omar\" \/>\n\t<meta name=\"twitter:label2\" content=\"Tempo di lettura stimato\" \/>\n\t<meta name=\"twitter:data2\" content=\"6 minuti\" \/>\n<script type=\"application\/ld+json\" class=\"yoast-schema-graph\">{\"@context\":\"https:\\\/\\\/schema.org\",\"@graph\":[{\"@type\":\"Article\",\"@id\":\"https:\\\/\\\/hl.museostorico.it\\\/historylabmagazine\\\/topic\\\/dimmi-da-chi-ti-vesti-e-ti-diro-chi-sei\\\/#article\",\"isPartOf\":{\"@id\":\"https:\\\/\\\/hl.museostorico.it\\\/historylabmagazine\\\/topic\\\/dimmi-da-chi-ti-vesti-e-ti-diro-chi-sei\\\/\"},\"author\":{\"name\":\"omar\",\"@id\":\"https:\\\/\\\/hl.museostorico.it\\\/historylabmagazine\\\/#\\\/schema\\\/person\\\/d5c97491f40df75993b760e8bad0895c\"},\"headline\":\"Dimmi da chi ti vesti e ti dir\u00f2 chi sei\",\"datePublished\":\"2023-02-08T15:40:29+00:00\",\"mainEntityOfPage\":{\"@id\":\"https:\\\/\\\/hl.museostorico.it\\\/historylabmagazine\\\/topic\\\/dimmi-da-chi-ti-vesti-e-ti-diro-chi-sei\\\/\"},\"wordCount\":1039,\"publisher\":{\"@id\":\"https:\\\/\\\/hl.museostorico.it\\\/historylabmagazine\\\/#organization\"},\"image\":{\"@id\":\"https:\\\/\\\/hl.museostorico.it\\\/historylabmagazine\\\/topic\\\/dimmi-da-chi-ti-vesti-e-ti-diro-chi-sei\\\/#primaryimage\"},\"thumbnailUrl\":\"https:\\\/\\\/hl.museostorico.it\\\/historylabmagazine\\\/wp-content\\\/uploads\\\/sites\\\/2\\\/2023\\\/01\\\/02_HLM_Topic_Illustrazione_1-1024x684.jpg\",\"articleSection\":[\"Topic\"],\"inLanguage\":\"it-IT\"},{\"@type\":\"WebPage\",\"@id\":\"https:\\\/\\\/hl.museostorico.it\\\/historylabmagazine\\\/topic\\\/dimmi-da-chi-ti-vesti-e-ti-diro-chi-sei\\\/\",\"url\":\"https:\\\/\\\/hl.museostorico.it\\\/historylabmagazine\\\/topic\\\/dimmi-da-chi-ti-vesti-e-ti-diro-chi-sei\\\/\",\"name\":\"Dimmi da chi ti vesti e ti dir\u00f2 chi sei - HistoryLabMagazine\",\"isPartOf\":{\"@id\":\"https:\\\/\\\/hl.museostorico.it\\\/historylabmagazine\\\/#website\"},\"primaryImageOfPage\":{\"@id\":\"https:\\\/\\\/hl.museostorico.it\\\/historylabmagazine\\\/topic\\\/dimmi-da-chi-ti-vesti-e-ti-diro-chi-sei\\\/#primaryimage\"},\"image\":{\"@id\":\"https:\\\/\\\/hl.museostorico.it\\\/historylabmagazine\\\/topic\\\/dimmi-da-chi-ti-vesti-e-ti-diro-chi-sei\\\/#primaryimage\"},\"thumbnailUrl\":\"https:\\\/\\\/hl.museostorico.it\\\/historylabmagazine\\\/wp-content\\\/uploads\\\/sites\\\/2\\\/2023\\\/01\\\/02_HLM_Topic_Illustrazione_1-1024x684.jpg\",\"datePublished\":\"2023-02-08T15:40:29+00:00\",\"description\":\"Le rievocazioni storiche in costume sono un fenomeno sempre pi\u00f9 presente nel panorama delle iniziative della Public History, ma indossare un costume e \u201cmostrare dal vivo\u201d il passato spesso non \u00e8 un atto di ricordo neutro. Si pu\u00f2 fare un uso politico della storia anche in calzamaglia.\",\"breadcrumb\":{\"@id\":\"https:\\\/\\\/hl.museostorico.it\\\/historylabmagazine\\\/topic\\\/dimmi-da-chi-ti-vesti-e-ti-diro-chi-sei\\\/#breadcrumb\"},\"inLanguage\":\"it-IT\",\"potentialAction\":[{\"@type\":\"ReadAction\",\"target\":[\"https:\\\/\\\/hl.museostorico.it\\\/historylabmagazine\\\/topic\\\/dimmi-da-chi-ti-vesti-e-ti-diro-chi-sei\\\/\"]}]},{\"@type\":\"ImageObject\",\"inLanguage\":\"it-IT\",\"@id\":\"https:\\\/\\\/hl.museostorico.it\\\/historylabmagazine\\\/topic\\\/dimmi-da-chi-ti-vesti-e-ti-diro-chi-sei\\\/#primaryimage\",\"url\":\"https:\\\/\\\/hl.museostorico.it\\\/historylabmagazine\\\/wp-content\\\/uploads\\\/sites\\\/2\\\/2023\\\/01\\\/02_HLM_Topic_Illustrazione_1.jpg\",\"contentUrl\":\"https:\\\/\\\/hl.museostorico.it\\\/historylabmagazine\\\/wp-content\\\/uploads\\\/sites\\\/2\\\/2023\\\/01\\\/02_HLM_Topic_Illustrazione_1.jpg\",\"width\":1078,\"height\":720},{\"@type\":\"BreadcrumbList\",\"@id\":\"https:\\\/\\\/hl.museostorico.it\\\/historylabmagazine\\\/topic\\\/dimmi-da-chi-ti-vesti-e-ti-diro-chi-sei\\\/#breadcrumb\",\"itemListElement\":[{\"@type\":\"ListItem\",\"position\":1,\"name\":\"Home\",\"item\":\"https:\\\/\\\/hl.museostorico.it\\\/historylabmagazine\\\/\"},{\"@type\":\"ListItem\",\"position\":2,\"name\":\"Dimmi da chi ti vesti e ti dir\u00f2 chi sei\"}]},{\"@type\":\"WebSite\",\"@id\":\"https:\\\/\\\/hl.museostorico.it\\\/historylabmagazine\\\/#website\",\"url\":\"https:\\\/\\\/hl.museostorico.it\\\/historylabmagazine\\\/\",\"name\":\"HistoryLabMagazine\",\"description\":\"Fondazione Museo Storico del Trentino\",\"publisher\":{\"@id\":\"https:\\\/\\\/hl.museostorico.it\\\/historylabmagazine\\\/#organization\"},\"potentialAction\":[{\"@type\":\"SearchAction\",\"target\":{\"@type\":\"EntryPoint\",\"urlTemplate\":\"https:\\\/\\\/hl.museostorico.it\\\/historylabmagazine\\\/?s={search_term_string}\"},\"query-input\":{\"@type\":\"PropertyValueSpecification\",\"valueRequired\":true,\"valueName\":\"search_term_string\"}}],\"inLanguage\":\"it-IT\"},{\"@type\":\"Organization\",\"@id\":\"https:\\\/\\\/hl.museostorico.it\\\/historylabmagazine\\\/#organization\",\"name\":\"Fondazione Museo Storico del Trentino\",\"url\":\"https:\\\/\\\/hl.museostorico.it\\\/historylabmagazine\\\/\",\"logo\":{\"@type\":\"ImageObject\",\"inLanguage\":\"it-IT\",\"@id\":\"https:\\\/\\\/hl.museostorico.it\\\/historylabmagazine\\\/#\\\/schema\\\/logo\\\/image\\\/\",\"url\":\"https:\\\/\\\/hl.museostorico.it\\\/historylabmagazine\\\/wp-content\\\/uploads\\\/sites\\\/2\\\/2022\\\/04\\\/favicon.jpg\",\"contentUrl\":\"https:\\\/\\\/hl.museostorico.it\\\/historylabmagazine\\\/wp-content\\\/uploads\\\/sites\\\/2\\\/2022\\\/04\\\/favicon.jpg\",\"width\":176,\"height\":176,\"caption\":\"Fondazione Museo Storico del Trentino\"},\"image\":{\"@id\":\"https:\\\/\\\/hl.museostorico.it\\\/historylabmagazine\\\/#\\\/schema\\\/logo\\\/image\\\/\"},\"sameAs\":[\"https:\\\/\\\/www.facebook.com\\\/museostorico\",\"https:\\\/\\\/www.instagram.com\\\/museostorico\\\/\",\"https:\\\/\\\/www.youtube.com\\\/c\\\/museostorico\"]},{\"@type\":\"Person\",\"@id\":\"https:\\\/\\\/hl.museostorico.it\\\/historylabmagazine\\\/#\\\/schema\\\/person\\\/d5c97491f40df75993b760e8bad0895c\",\"name\":\"omar\",\"image\":{\"@type\":\"ImageObject\",\"inLanguage\":\"it-IT\",\"@id\":\"https:\\\/\\\/hl.museostorico.it\\\/historylabmagazine\\\/wp-content\\\/litespeed\\\/avatar\\\/2\\\/48152516af6ddbb91e5f7fcf05dca98f.jpg?ver=1777057092\",\"url\":\"https:\\\/\\\/hl.museostorico.it\\\/historylabmagazine\\\/wp-content\\\/litespeed\\\/avatar\\\/2\\\/48152516af6ddbb91e5f7fcf05dca98f.jpg?ver=1777057092\",\"contentUrl\":\"https:\\\/\\\/hl.museostorico.it\\\/historylabmagazine\\\/wp-content\\\/litespeed\\\/avatar\\\/2\\\/48152516af6ddbb91e5f7fcf05dca98f.jpg?ver=1777057092\",\"caption\":\"omar\"},\"description\":\"Ibus et pernam cus quev olormi, cons ed volore pro omni eni mpedit quibus sedia sitatur re num delic te officiend sedia sitatur re num.\",\"sameAs\":[\"https:\\\/\\\/hl.museostorico.it\"]}]}<\/script>\n<!-- \/ Yoast SEO Premium plugin. -->","yoast_head_json":{"title":"Dimmi da chi ti vesti e ti dir\u00f2 chi sei - HistoryLabMagazine","description":"Le rievocazioni storiche in costume sono un fenomeno sempre pi\u00f9 presente nel panorama delle iniziative della Public History, ma indossare un costume e \u201cmostrare dal vivo\u201d il passato spesso non \u00e8 un atto di ricordo neutro. Si pu\u00f2 fare un uso politico della storia anche in calzamaglia.","robots":{"index":"index","follow":"follow","max-snippet":"max-snippet:-1","max-image-preview":"max-image-preview:large","max-video-preview":"max-video-preview:-1"},"canonical":"https:\/\/hl.museostorico.it\/historylabmagazine\/topic\/dimmi-da-chi-ti-vesti-e-ti-diro-chi-sei\/","og_locale":"it_IT","og_type":"article","og_title":"Dimmi da chi ti vesti e ti dir\u00f2 chi sei","og_description":"Le rievocazioni storiche in costume sono un fenomeno sempre pi\u00f9 presente nel panorama delle iniziative della Public History, ma indossare un costume e \u201cmostrare dal vivo\u201d il passato spesso non \u00e8 un atto di ricordo neutro. Si pu\u00f2 fare un uso politico della storia anche in calzamaglia.","og_url":"https:\/\/hl.museostorico.it\/historylabmagazine\/topic\/dimmi-da-chi-ti-vesti-e-ti-diro-chi-sei\/","og_site_name":"HistoryLabMagazine","article_publisher":"https:\/\/www.facebook.com\/museostorico","article_published_time":"2023-02-08T15:40:29+00:00","og_image":[{"url":"https:\/\/hl.museostorico.it\/historylabmagazine\/wp-content\/uploads\/sites\/2\/2023\/01\/02_HLM_Topic_Illustrazione_1-1024x684.jpg","type":"","width":"","height":""}],"author":"omar","twitter_card":"summary_large_image","twitter_misc":{"Scritto da":"omar","Tempo di lettura stimato":"6 minuti"},"schema":{"@context":"https:\/\/schema.org","@graph":[{"@type":"Article","@id":"https:\/\/hl.museostorico.it\/historylabmagazine\/topic\/dimmi-da-chi-ti-vesti-e-ti-diro-chi-sei\/#article","isPartOf":{"@id":"https:\/\/hl.museostorico.it\/historylabmagazine\/topic\/dimmi-da-chi-ti-vesti-e-ti-diro-chi-sei\/"},"author":{"name":"omar","@id":"https:\/\/hl.museostorico.it\/historylabmagazine\/#\/schema\/person\/d5c97491f40df75993b760e8bad0895c"},"headline":"Dimmi da chi ti vesti e ti dir\u00f2 chi sei","datePublished":"2023-02-08T15:40:29+00:00","mainEntityOfPage":{"@id":"https:\/\/hl.museostorico.it\/historylabmagazine\/topic\/dimmi-da-chi-ti-vesti-e-ti-diro-chi-sei\/"},"wordCount":1039,"publisher":{"@id":"https:\/\/hl.museostorico.it\/historylabmagazine\/#organization"},"image":{"@id":"https:\/\/hl.museostorico.it\/historylabmagazine\/topic\/dimmi-da-chi-ti-vesti-e-ti-diro-chi-sei\/#primaryimage"},"thumbnailUrl":"https:\/\/hl.museostorico.it\/historylabmagazine\/wp-content\/uploads\/sites\/2\/2023\/01\/02_HLM_Topic_Illustrazione_1-1024x684.jpg","articleSection":["Topic"],"inLanguage":"it-IT"},{"@type":"WebPage","@id":"https:\/\/hl.museostorico.it\/historylabmagazine\/topic\/dimmi-da-chi-ti-vesti-e-ti-diro-chi-sei\/","url":"https:\/\/hl.museostorico.it\/historylabmagazine\/topic\/dimmi-da-chi-ti-vesti-e-ti-diro-chi-sei\/","name":"Dimmi da chi ti vesti e ti dir\u00f2 chi sei - HistoryLabMagazine","isPartOf":{"@id":"https:\/\/hl.museostorico.it\/historylabmagazine\/#website"},"primaryImageOfPage":{"@id":"https:\/\/hl.museostorico.it\/historylabmagazine\/topic\/dimmi-da-chi-ti-vesti-e-ti-diro-chi-sei\/#primaryimage"},"image":{"@id":"https:\/\/hl.museostorico.it\/historylabmagazine\/topic\/dimmi-da-chi-ti-vesti-e-ti-diro-chi-sei\/#primaryimage"},"thumbnailUrl":"https:\/\/hl.museostorico.it\/historylabmagazine\/wp-content\/uploads\/sites\/2\/2023\/01\/02_HLM_Topic_Illustrazione_1-1024x684.jpg","datePublished":"2023-02-08T15:40:29+00:00","description":"Le rievocazioni storiche in costume sono un fenomeno sempre pi\u00f9 presente nel panorama delle iniziative della Public History, ma indossare un costume e \u201cmostrare dal vivo\u201d il passato spesso non \u00e8 un atto di ricordo neutro. Si pu\u00f2 fare un uso politico della storia anche in calzamaglia.","breadcrumb":{"@id":"https:\/\/hl.museostorico.it\/historylabmagazine\/topic\/dimmi-da-chi-ti-vesti-e-ti-diro-chi-sei\/#breadcrumb"},"inLanguage":"it-IT","potentialAction":[{"@type":"ReadAction","target":["https:\/\/hl.museostorico.it\/historylabmagazine\/topic\/dimmi-da-chi-ti-vesti-e-ti-diro-chi-sei\/"]}]},{"@type":"ImageObject","inLanguage":"it-IT","@id":"https:\/\/hl.museostorico.it\/historylabmagazine\/topic\/dimmi-da-chi-ti-vesti-e-ti-diro-chi-sei\/#primaryimage","url":"https:\/\/hl.museostorico.it\/historylabmagazine\/wp-content\/uploads\/sites\/2\/2023\/01\/02_HLM_Topic_Illustrazione_1.jpg","contentUrl":"https:\/\/hl.museostorico.it\/historylabmagazine\/wp-content\/uploads\/sites\/2\/2023\/01\/02_HLM_Topic_Illustrazione_1.jpg","width":1078,"height":720},{"@type":"BreadcrumbList","@id":"https:\/\/hl.museostorico.it\/historylabmagazine\/topic\/dimmi-da-chi-ti-vesti-e-ti-diro-chi-sei\/#breadcrumb","itemListElement":[{"@type":"ListItem","position":1,"name":"Home","item":"https:\/\/hl.museostorico.it\/historylabmagazine\/"},{"@type":"ListItem","position":2,"name":"Dimmi da chi ti vesti e ti dir\u00f2 chi sei"}]},{"@type":"WebSite","@id":"https:\/\/hl.museostorico.it\/historylabmagazine\/#website","url":"https:\/\/hl.museostorico.it\/historylabmagazine\/","name":"HistoryLabMagazine","description":"Fondazione Museo Storico del Trentino","publisher":{"@id":"https:\/\/hl.museostorico.it\/historylabmagazine\/#organization"},"potentialAction":[{"@type":"SearchAction","target":{"@type":"EntryPoint","urlTemplate":"https:\/\/hl.museostorico.it\/historylabmagazine\/?s={search_term_string}"},"query-input":{"@type":"PropertyValueSpecification","valueRequired":true,"valueName":"search_term_string"}}],"inLanguage":"it-IT"},{"@type":"Organization","@id":"https:\/\/hl.museostorico.it\/historylabmagazine\/#organization","name":"Fondazione Museo Storico del Trentino","url":"https:\/\/hl.museostorico.it\/historylabmagazine\/","logo":{"@type":"ImageObject","inLanguage":"it-IT","@id":"https:\/\/hl.museostorico.it\/historylabmagazine\/#\/schema\/logo\/image\/","url":"https:\/\/hl.museostorico.it\/historylabmagazine\/wp-content\/uploads\/sites\/2\/2022\/04\/favicon.jpg","contentUrl":"https:\/\/hl.museostorico.it\/historylabmagazine\/wp-content\/uploads\/sites\/2\/2022\/04\/favicon.jpg","width":176,"height":176,"caption":"Fondazione Museo Storico del Trentino"},"image":{"@id":"https:\/\/hl.museostorico.it\/historylabmagazine\/#\/schema\/logo\/image\/"},"sameAs":["https:\/\/www.facebook.com\/museostorico","https:\/\/www.instagram.com\/museostorico\/","https:\/\/www.youtube.com\/c\/museostorico"]},{"@type":"Person","@id":"https:\/\/hl.museostorico.it\/historylabmagazine\/#\/schema\/person\/d5c97491f40df75993b760e8bad0895c","name":"omar","image":{"@type":"ImageObject","inLanguage":"it-IT","@id":"https:\/\/hl.museostorico.it\/historylabmagazine\/wp-content\/litespeed\/avatar\/2\/48152516af6ddbb91e5f7fcf05dca98f.jpg?ver=1777057092","url":"https:\/\/hl.museostorico.it\/historylabmagazine\/wp-content\/litespeed\/avatar\/2\/48152516af6ddbb91e5f7fcf05dca98f.jpg?ver=1777057092","contentUrl":"https:\/\/hl.museostorico.it\/historylabmagazine\/wp-content\/litespeed\/avatar\/2\/48152516af6ddbb91e5f7fcf05dca98f.jpg?ver=1777057092","caption":"omar"},"description":"Ibus et pernam cus quev olormi, cons ed volore pro omni eni mpedit quibus sedia sitatur re num delic te officiend sedia sitatur re num.","sameAs":["https:\/\/hl.museostorico.it"]}]}},"_links":{"self":[{"href":"https:\/\/hl.museostorico.it\/historylabmagazine\/wp-json\/wp\/v2\/posts\/2261","targetHints":{"allow":["GET"]}}],"collection":[{"href":"https:\/\/hl.museostorico.it\/historylabmagazine\/wp-json\/wp\/v2\/posts"}],"about":[{"href":"https:\/\/hl.museostorico.it\/historylabmagazine\/wp-json\/wp\/v2\/types\/post"}],"author":[{"embeddable":true,"href":"https:\/\/hl.museostorico.it\/historylabmagazine\/wp-json\/wp\/v2\/users\/1"}],"replies":[{"embeddable":true,"href":"https:\/\/hl.museostorico.it\/historylabmagazine\/wp-json\/wp\/v2\/comments?post=2261"}],"version-history":[{"count":0,"href":"https:\/\/hl.museostorico.it\/historylabmagazine\/wp-json\/wp\/v2\/posts\/2261\/revisions"}],"wp:attachment":[{"href":"https:\/\/hl.museostorico.it\/historylabmagazine\/wp-json\/wp\/v2\/media?parent=2261"}],"wp:term":[{"taxonomy":"category","embeddable":true,"href":"https:\/\/hl.museostorico.it\/historylabmagazine\/wp-json\/wp\/v2\/categories?post=2261"},{"taxonomy":"post_tag","embeddable":true,"href":"https:\/\/hl.museostorico.it\/historylabmagazine\/wp-json\/wp\/v2\/tags?post=2261"},{"taxonomy":"aree","embeddable":true,"href":"https:\/\/hl.museostorico.it\/historylabmagazine\/wp-json\/wp\/v2\/aree?post=2261"},{"taxonomy":"numeri","embeddable":true,"href":"https:\/\/hl.museostorico.it\/historylabmagazine\/wp-json\/wp\/v2\/numeri?post=2261"}],"curies":[{"name":"wp","href":"https:\/\/api.w.org\/{rel}","templated":true}]}}