{"id":3696,"date":"2024-09-25T15:48:40","date_gmt":"2024-09-25T13:48:40","guid":{"rendered":"https:\/\/hl.museostorico.it\/historylabmagazine\/?p=3696"},"modified":"2024-09-25T15:48:40","modified_gmt":"2024-09-25T13:48:40","slug":"tutti-pazzi-per-napoleone","status":"publish","type":"post","link":"https:\/\/hl.museostorico.it\/historylabmagazine\/topic\/tutti-pazzi-per-napoleone\/","title":{"rendered":"\u00a0Tutti pazzi per Napoleone"},"content":{"rendered":"\n<p>A oltre due secoli di distanza dalla morte di Napoleone, l\u2019onda lunga del suo mito \u00e8 ancora viva nel culto e nella passione \u2013 per alcuni una magnifica ossessione \u2013 dei collezionisti che su scala globale continuano la caccia a memorabilia e a vere e proprie reliquie legate a quello che resta il <em>political drama <\/em>pi\u00f9 avvincente della contemporaneit\u00e0. Nel corso del 2021, i cataloghi e gli esiti delle grandi aste del bicentenario hanno confermato la longevit\u00e0 dell\u2019appeal emotivo, e il corrispondente interesse economico, di oggetti appartenuti o legati alla vicenda umana e politica del generale-imperatore, con una particolare enfasi sui reperti attribuiti agli anni trascorsi a Sant\u2019Elena: una prigionia\/martirio capace di rovesciare la leggenda nera del Grande Corso e di renderlo mediaticamente ineludibile persino per i suoi pi\u00f9 acerrimi nemici, gli inglesi.<\/p>\n\n\n\n<figure class=\"wp-block-image size-large\"><img loading=\"lazy\" decoding=\"async\" width=\"1024\" height=\"684\" src=\"https:\/\/hl.museostorico.it\/historylabmagazine\/wp-content\/uploads\/sites\/2\/2024\/09\/02_HLM_Topic_1-1024x684.jpg\" alt=\"\" class=\"wp-image-3697\" srcset=\"https:\/\/hl.museostorico.it\/historylabmagazine\/wp-content\/uploads\/sites\/2\/2024\/09\/02_HLM_Topic_1-1024x684.jpg 1024w, https:\/\/hl.museostorico.it\/historylabmagazine\/wp-content\/uploads\/sites\/2\/2024\/09\/02_HLM_Topic_1-300x200.jpg 300w, https:\/\/hl.museostorico.it\/historylabmagazine\/wp-content\/uploads\/sites\/2\/2024\/09\/02_HLM_Topic_1-768x513.jpg 768w, https:\/\/hl.museostorico.it\/historylabmagazine\/wp-content\/uploads\/sites\/2\/2024\/09\/02_HLM_Topic_1.jpg 1078w\" sizes=\"auto, (max-width: 1024px) 100vw, 1024px\" \/><\/figure>\n\n\n\n<p>Dagli \u201coggetti sediziosi\u201d usati e indossati da fedelissimi veterani e da nostalgici bonapartisti nell\u2019Europa della Restaurazione \u2013 tabacchiere, pipe, bottoni, miniature, aquile e violette allusive alla stagione del potere o ai Cento Giorni, custoditi ed esibiti come codici di comunicazione e di riconoscimento politico clandestino \u2013 l\u2019interesse per la memoria tangibile del fenomeno napoleonico \u00e8 proseguito accomunando diverse personalit\u00e0 e generazioni, ognuna capace di entrare in relazione con il mito a modo proprio. Cos\u00ec, se Paolina Bonaparte, affranta dalla notizia della morte del fratello, chiedeva di avere di lui solo una tabacchiera, quella pi\u00f9 amata, i compagni d\u2019esilio a Sant\u2019Elena avrebbero veicolato e certificato negli anni numerosi oggetti, anche indumenti usati nei giorni estremi, mentre l\u2019ultimo medico di Napoleone, Francesco Antommarchi, negli anni Trenta dell\u2019Ottocento avrebbe tentato di capitalizzare la reliquia da contatto per eccellenza, la maschera mortuaria realizzata dopo l\u2019autopsia. Oggi, grazie alle peripezie del medico, ne esistono persino esemplari in musei a New Orleans e a La Havana.&nbsp;<\/p>\n\n\n\n<figure class=\"wp-block-image size-large\"><img loading=\"lazy\" decoding=\"async\" width=\"1024\" height=\"684\" src=\"https:\/\/hl.museostorico.it\/historylabmagazine\/wp-content\/uploads\/sites\/2\/2024\/09\/02_HLM_Topic_2-1024x684.jpg\" alt=\"\" class=\"wp-image-3698\" srcset=\"https:\/\/hl.museostorico.it\/historylabmagazine\/wp-content\/uploads\/sites\/2\/2024\/09\/02_HLM_Topic_2-1024x684.jpg 1024w, https:\/\/hl.museostorico.it\/historylabmagazine\/wp-content\/uploads\/sites\/2\/2024\/09\/02_HLM_Topic_2-300x200.jpg 300w, https:\/\/hl.museostorico.it\/historylabmagazine\/wp-content\/uploads\/sites\/2\/2024\/09\/02_HLM_Topic_2-768x513.jpg 768w, https:\/\/hl.museostorico.it\/historylabmagazine\/wp-content\/uploads\/sites\/2\/2024\/09\/02_HLM_Topic_2.jpg 1078w\" sizes=\"auto, (max-width: 1024px) 100vw, 1024px\" \/><\/figure>\n\n\n\n<p>La riesumazione del corpo nel 1840 e il suo ritorno a Parigi fu occasione per un\u2019ondata di \u201cmerchandising\u201d a tema che mobilit\u00f2 l\u2019ormai viva produzione in serie di oggetti evocativi, ma \u00e8 sui pezzi unici che il collezionismo napoleonico, ormai deideologizzato, \u00e8 fiorito a cavallo dei due secoli anche oltreoceano, negli Stati Uniti, conquistando l\u2019attenzione e le finanze di facoltosi<em> tycoon<\/em> sensibili al fascino di un\u2019epica individuale e collettiva al contempo. Non deve perci\u00f2 stupire se oggetti molto particolari, come ad esempio calze di seta o la sedia da infermo appositamente costruita da un artigiano cinese di Sant\u2019Elena, sono riemersi nei cataloghi di aste americane di fine Novecento. Tra i cacciatori di reliquie e autografi napoleonici nel primo dopoguerra troviamo anche l\u2019ex vicer\u00e9 dell\u2019India, poi ministro degli Esteri britannico, Lord Curzon, che con la consulenza di uno studioso acquist\u00f2 oggetti e documenti significativi, inclusa la ricca collezione di stampe satiriche anti-napoleoniche oggi conservata alla Bodleian Library di Oxford.<\/p>\n\n\n\n<p>Qualche decennio pi\u00f9 tardi la passione per il fenomeno Napoleone materializzata nella raccolta di oggetti e in bulimiche letture (quasi 500 volumi) avrebbe catturato anche il geniale regista Stanley Kubrick, ossessionato dall\u2019idea di fare il \u2018suo\u2019 film sul generale-imperatore dopo il capolavoro del cinema muto realizzato da Abel Gance nel 1927. Sommerso da scatoloni di materiali raccolti per ricostruire il pi\u00f9 fedelmente possibile cose, personaggi e luoghi, Kubrick non termin\u00f2 il suo Napoleone, e oggi molti rimpiangono quel film mai fatto, soprattutto dopo l\u2019occasione perduta nel 2023, rappresentata dall\u2019incongruente e a tratti macchiettistico <em>Napoleon <\/em>di Ridley Scott. Di Kubrick ci resta per\u00f2, come risultato dell\u2019esercizio maniacale sui ritmi e le atmosfere del secondo Settecento, quel capolavoro che \u00e8 <em>Barry Lyndon<\/em> (forse lo <em>spin off<\/em> del <em>Napoleon<\/em> mancato) nel quale la ricostruzione del dettaglio risponde all\u2019esigenza di estrema fedelt\u00e0 persino nelle scene a lume di candela e negli accuratissimi costumi.<\/p>\n\n\n\n<figure class=\"wp-block-image size-large\"><img loading=\"lazy\" decoding=\"async\" width=\"1024\" height=\"684\" src=\"https:\/\/hl.museostorico.it\/historylabmagazine\/wp-content\/uploads\/sites\/2\/2024\/09\/02_HLM_Topic_3-1024x684.jpg\" alt=\"\" class=\"wp-image-3699\" srcset=\"https:\/\/hl.museostorico.it\/historylabmagazine\/wp-content\/uploads\/sites\/2\/2024\/09\/02_HLM_Topic_3-1024x684.jpg 1024w, https:\/\/hl.museostorico.it\/historylabmagazine\/wp-content\/uploads\/sites\/2\/2024\/09\/02_HLM_Topic_3-300x200.jpg 300w, https:\/\/hl.museostorico.it\/historylabmagazine\/wp-content\/uploads\/sites\/2\/2024\/09\/02_HLM_Topic_3-768x513.jpg 768w, https:\/\/hl.museostorico.it\/historylabmagazine\/wp-content\/uploads\/sites\/2\/2024\/09\/02_HLM_Topic_3.jpg 1078w\" sizes=\"auto, (max-width: 1024px) 100vw, 1024px\" \/><\/figure>\n\n\n\n<p>Oggi la storiografia contemporaneista, grazie alla svolta culturalista e all\u2019attenzione per la materialit\u00e0, si \u00e8 accostata con energie e occhi rinnovati alla storia degli oggetti intesi come agenti e veicoli mediatici di politicizzazione. Suppellettili, oggetti del quotidiano, indumenti sottoposti a processi di semantizzazione o risemantizzazione a fini di propaganda politica, in versione di pezzi unici o di produzioni seriali seppur ancora artigianali, sono studiati e raccontati come reperti di una \u201carcheologia del contemporaneo\u201d che pu\u00f2 ancora dirci molte cose. Il fenomeno napoleonico, cerniera d\u2019ingresso nella contemporaneit\u00e0, resta uno dei casi pi\u00f9 affascinanti per la persistenza e la trasversalit\u00e0 del mito globale trasmesso dagli oggetti politici dell\u2019uomo e del suo tempo.&nbsp;<\/p>\n\n\n\n<p><strong>Arianna Arisi Rota<\/strong><br>Storica, insegna nel Dipartimento di Scienze politiche e sociali dell\u2019Universit\u00e0 degli Studi di Pavia. Si \u00e8 occupata di diplomazia nell\u2019Italia napoleonica, di mobilitazione politica giovanile nell\u2019Ottocento europeo, di costruzione della memoria post-risorgimentale. Tra le sue monografie:<em> I piccoli cospiratori. Politica ed emozioni nei primi mazziniani<\/em> (il Mulino, 2010), <em>1869: il Risorgimento alla deriva. Affari e politica nel caso Lobbia<\/em> (il Mulino, 2015),<em> Risorgimento. Un viaggio politico e sentimentale<\/em> (il Mulino, 2019),<em> Il cappello dell&#8217;imperatore. Storia, memoria e mito di Napoleone Bonaparte attraverso due secoli di culto dei suoi oggetti <\/em>(Donzelli Editore 2021).<\/p>\n\n\n\n<p>(Aggiornato al 26 settembre 2024)<\/p>\n","protected":false},"excerpt":{"rendered":"<p>Tra collezionismo e ricostruzione filmica, la \u201cmagnifica ossessione\u201d per Napoleone, a duecento anni dalla sua morte, \u00e8 pi\u00f9 viva che mai e non risparmia nessuno, nemmeno  un ex vicer\u00e9 dell\u2019India e un regista hollywoodiano. <\/p>\n","protected":false},"author":1,"featured_media":0,"comment_status":"closed","ping_status":"closed","sticky":false,"template":"","format":"standard","meta":{"_acf_changed":false,"footnotes":""},"categories":[9],"tags":[],"aree":[],"numeri":[52],"class_list":["post-3696","post","type-post","status-publish","format-standard","hentry","category-topic","numeri-preziose-cianfrusaglie"],"acf":[],"yoast_head":"<!-- This site is optimized with the Yoast SEO Premium plugin v20.4 (Yoast SEO v27.4) - https:\/\/yoast.com\/product\/yoast-seo-premium-wordpress\/ -->\n<title>\u00a0Tutti pazzi per Napoleone - HistoryLabMagazine<\/title>\n<meta name=\"description\" content=\"Tra collezionismo e ricostruzione filmica, la \u201cmagnifica ossessione\u201d per Napoleone, a duecento anni dalla sua morte, \u00e8 pi\u00f9 viva che mai e non risparmia nessuno, nemmeno un ex vicer\u00e9 dell\u2019India e un regista hollywoodiano.\" \/>\n<meta name=\"robots\" content=\"index, follow, max-snippet:-1, max-image-preview:large, max-video-preview:-1\" \/>\n<link rel=\"canonical\" href=\"https:\/\/hl.museostorico.it\/historylabmagazine\/topic\/tutti-pazzi-per-napoleone\/\" \/>\n<meta property=\"og:locale\" content=\"it_IT\" \/>\n<meta property=\"og:type\" content=\"article\" \/>\n<meta property=\"og:title\" content=\"\u00a0Tutti pazzi per Napoleone\" \/>\n<meta property=\"og:description\" content=\"Tra collezionismo e ricostruzione filmica, la \u201cmagnifica ossessione\u201d per Napoleone, a duecento anni dalla sua morte, \u00e8 pi\u00f9 viva che mai e non risparmia nessuno, nemmeno un ex vicer\u00e9 dell\u2019India e un regista hollywoodiano.\" \/>\n<meta property=\"og:url\" content=\"https:\/\/hl.museostorico.it\/historylabmagazine\/topic\/tutti-pazzi-per-napoleone\/\" \/>\n<meta property=\"og:site_name\" content=\"HistoryLabMagazine\" \/>\n<meta property=\"article:publisher\" content=\"https:\/\/www.facebook.com\/museostorico\" \/>\n<meta property=\"article:published_time\" content=\"2024-09-25T13:48:40+00:00\" \/>\n<meta property=\"og:image\" content=\"https:\/\/hl.museostorico.it\/historylabmagazine\/wp-content\/uploads\/sites\/2\/2024\/09\/02_HLM_Topic_1-1024x684.jpg\" \/>\n<meta name=\"author\" content=\"omar\" \/>\n<meta name=\"twitter:card\" content=\"summary_large_image\" \/>\n<meta name=\"twitter:label1\" content=\"Scritto da\" \/>\n\t<meta name=\"twitter:data1\" content=\"omar\" \/>\n\t<meta name=\"twitter:label2\" content=\"Tempo di lettura stimato\" \/>\n\t<meta name=\"twitter:data2\" content=\"5 minuti\" \/>\n<script type=\"application\/ld+json\" class=\"yoast-schema-graph\">{\"@context\":\"https:\\\/\\\/schema.org\",\"@graph\":[{\"@type\":\"Article\",\"@id\":\"https:\\\/\\\/hl.museostorico.it\\\/historylabmagazine\\\/topic\\\/tutti-pazzi-per-napoleone\\\/#article\",\"isPartOf\":{\"@id\":\"https:\\\/\\\/hl.museostorico.it\\\/historylabmagazine\\\/topic\\\/tutti-pazzi-per-napoleone\\\/\"},\"author\":{\"name\":\"omar\",\"@id\":\"https:\\\/\\\/hl.museostorico.it\\\/historylabmagazine\\\/#\\\/schema\\\/person\\\/d5c97491f40df75993b760e8bad0895c\"},\"headline\":\"\u00a0Tutti pazzi per Napoleone\",\"datePublished\":\"2024-09-25T13:48:40+00:00\",\"mainEntityOfPage\":{\"@id\":\"https:\\\/\\\/hl.museostorico.it\\\/historylabmagazine\\\/topic\\\/tutti-pazzi-per-napoleone\\\/\"},\"wordCount\":823,\"publisher\":{\"@id\":\"https:\\\/\\\/hl.museostorico.it\\\/historylabmagazine\\\/#organization\"},\"image\":{\"@id\":\"https:\\\/\\\/hl.museostorico.it\\\/historylabmagazine\\\/topic\\\/tutti-pazzi-per-napoleone\\\/#primaryimage\"},\"thumbnailUrl\":\"https:\\\/\\\/hl.museostorico.it\\\/historylabmagazine\\\/wp-content\\\/uploads\\\/sites\\\/2\\\/2024\\\/09\\\/02_HLM_Topic_1-1024x684.jpg\",\"articleSection\":[\"Topic\"],\"inLanguage\":\"it-IT\"},{\"@type\":\"WebPage\",\"@id\":\"https:\\\/\\\/hl.museostorico.it\\\/historylabmagazine\\\/topic\\\/tutti-pazzi-per-napoleone\\\/\",\"url\":\"https:\\\/\\\/hl.museostorico.it\\\/historylabmagazine\\\/topic\\\/tutti-pazzi-per-napoleone\\\/\",\"name\":\"\u00a0Tutti pazzi per Napoleone - HistoryLabMagazine\",\"isPartOf\":{\"@id\":\"https:\\\/\\\/hl.museostorico.it\\\/historylabmagazine\\\/#website\"},\"primaryImageOfPage\":{\"@id\":\"https:\\\/\\\/hl.museostorico.it\\\/historylabmagazine\\\/topic\\\/tutti-pazzi-per-napoleone\\\/#primaryimage\"},\"image\":{\"@id\":\"https:\\\/\\\/hl.museostorico.it\\\/historylabmagazine\\\/topic\\\/tutti-pazzi-per-napoleone\\\/#primaryimage\"},\"thumbnailUrl\":\"https:\\\/\\\/hl.museostorico.it\\\/historylabmagazine\\\/wp-content\\\/uploads\\\/sites\\\/2\\\/2024\\\/09\\\/02_HLM_Topic_1-1024x684.jpg\",\"datePublished\":\"2024-09-25T13:48:40+00:00\",\"description\":\"Tra collezionismo e ricostruzione filmica, la \u201cmagnifica ossessione\u201d per Napoleone, a duecento anni dalla sua morte, \u00e8 pi\u00f9 viva che mai e non risparmia nessuno, nemmeno un ex vicer\u00e9 dell\u2019India e un regista hollywoodiano.\",\"breadcrumb\":{\"@id\":\"https:\\\/\\\/hl.museostorico.it\\\/historylabmagazine\\\/topic\\\/tutti-pazzi-per-napoleone\\\/#breadcrumb\"},\"inLanguage\":\"it-IT\",\"potentialAction\":[{\"@type\":\"ReadAction\",\"target\":[\"https:\\\/\\\/hl.museostorico.it\\\/historylabmagazine\\\/topic\\\/tutti-pazzi-per-napoleone\\\/\"]}]},{\"@type\":\"ImageObject\",\"inLanguage\":\"it-IT\",\"@id\":\"https:\\\/\\\/hl.museostorico.it\\\/historylabmagazine\\\/topic\\\/tutti-pazzi-per-napoleone\\\/#primaryimage\",\"url\":\"https:\\\/\\\/hl.museostorico.it\\\/historylabmagazine\\\/wp-content\\\/uploads\\\/sites\\\/2\\\/2024\\\/09\\\/02_HLM_Topic_1.jpg\",\"contentUrl\":\"https:\\\/\\\/hl.museostorico.it\\\/historylabmagazine\\\/wp-content\\\/uploads\\\/sites\\\/2\\\/2024\\\/09\\\/02_HLM_Topic_1.jpg\",\"width\":1078,\"height\":720},{\"@type\":\"BreadcrumbList\",\"@id\":\"https:\\\/\\\/hl.museostorico.it\\\/historylabmagazine\\\/topic\\\/tutti-pazzi-per-napoleone\\\/#breadcrumb\",\"itemListElement\":[{\"@type\":\"ListItem\",\"position\":1,\"name\":\"Home\",\"item\":\"https:\\\/\\\/hl.museostorico.it\\\/historylabmagazine\\\/\"},{\"@type\":\"ListItem\",\"position\":2,\"name\":\"\u00a0Tutti pazzi per Napoleone\"}]},{\"@type\":\"WebSite\",\"@id\":\"https:\\\/\\\/hl.museostorico.it\\\/historylabmagazine\\\/#website\",\"url\":\"https:\\\/\\\/hl.museostorico.it\\\/historylabmagazine\\\/\",\"name\":\"HistoryLabMagazine\",\"description\":\"Fondazione Museo Storico del Trentino\",\"publisher\":{\"@id\":\"https:\\\/\\\/hl.museostorico.it\\\/historylabmagazine\\\/#organization\"},\"potentialAction\":[{\"@type\":\"SearchAction\",\"target\":{\"@type\":\"EntryPoint\",\"urlTemplate\":\"https:\\\/\\\/hl.museostorico.it\\\/historylabmagazine\\\/?s={search_term_string}\"},\"query-input\":{\"@type\":\"PropertyValueSpecification\",\"valueRequired\":true,\"valueName\":\"search_term_string\"}}],\"inLanguage\":\"it-IT\"},{\"@type\":\"Organization\",\"@id\":\"https:\\\/\\\/hl.museostorico.it\\\/historylabmagazine\\\/#organization\",\"name\":\"Fondazione Museo Storico del Trentino\",\"url\":\"https:\\\/\\\/hl.museostorico.it\\\/historylabmagazine\\\/\",\"logo\":{\"@type\":\"ImageObject\",\"inLanguage\":\"it-IT\",\"@id\":\"https:\\\/\\\/hl.museostorico.it\\\/historylabmagazine\\\/#\\\/schema\\\/logo\\\/image\\\/\",\"url\":\"https:\\\/\\\/hl.museostorico.it\\\/historylabmagazine\\\/wp-content\\\/uploads\\\/sites\\\/2\\\/2022\\\/04\\\/favicon.jpg\",\"contentUrl\":\"https:\\\/\\\/hl.museostorico.it\\\/historylabmagazine\\\/wp-content\\\/uploads\\\/sites\\\/2\\\/2022\\\/04\\\/favicon.jpg\",\"width\":176,\"height\":176,\"caption\":\"Fondazione Museo Storico del Trentino\"},\"image\":{\"@id\":\"https:\\\/\\\/hl.museostorico.it\\\/historylabmagazine\\\/#\\\/schema\\\/logo\\\/image\\\/\"},\"sameAs\":[\"https:\\\/\\\/www.facebook.com\\\/museostorico\",\"https:\\\/\\\/www.instagram.com\\\/museostorico\\\/\",\"https:\\\/\\\/www.youtube.com\\\/c\\\/museostorico\"]},{\"@type\":\"Person\",\"@id\":\"https:\\\/\\\/hl.museostorico.it\\\/historylabmagazine\\\/#\\\/schema\\\/person\\\/d5c97491f40df75993b760e8bad0895c\",\"name\":\"omar\",\"image\":{\"@type\":\"ImageObject\",\"inLanguage\":\"it-IT\",\"@id\":\"https:\\\/\\\/hl.museostorico.it\\\/historylabmagazine\\\/wp-content\\\/litespeed\\\/avatar\\\/2\\\/48152516af6ddbb91e5f7fcf05dca98f.jpg?ver=1777057092\",\"url\":\"https:\\\/\\\/hl.museostorico.it\\\/historylabmagazine\\\/wp-content\\\/litespeed\\\/avatar\\\/2\\\/48152516af6ddbb91e5f7fcf05dca98f.jpg?ver=1777057092\",\"contentUrl\":\"https:\\\/\\\/hl.museostorico.it\\\/historylabmagazine\\\/wp-content\\\/litespeed\\\/avatar\\\/2\\\/48152516af6ddbb91e5f7fcf05dca98f.jpg?ver=1777057092\",\"caption\":\"omar\"},\"description\":\"Ibus et pernam cus quev olormi, cons ed volore pro omni eni mpedit quibus sedia sitatur re num delic te officiend sedia sitatur re num.\",\"sameAs\":[\"https:\\\/\\\/hl.museostorico.it\"]}]}<\/script>\n<!-- \/ Yoast SEO Premium plugin. -->","yoast_head_json":{"title":"\u00a0Tutti pazzi per Napoleone - HistoryLabMagazine","description":"Tra collezionismo e ricostruzione filmica, la \u201cmagnifica ossessione\u201d per Napoleone, a duecento anni dalla sua morte, \u00e8 pi\u00f9 viva che mai e non risparmia nessuno, nemmeno un ex vicer\u00e9 dell\u2019India e un regista hollywoodiano.","robots":{"index":"index","follow":"follow","max-snippet":"max-snippet:-1","max-image-preview":"max-image-preview:large","max-video-preview":"max-video-preview:-1"},"canonical":"https:\/\/hl.museostorico.it\/historylabmagazine\/topic\/tutti-pazzi-per-napoleone\/","og_locale":"it_IT","og_type":"article","og_title":"\u00a0Tutti pazzi per Napoleone","og_description":"Tra collezionismo e ricostruzione filmica, la \u201cmagnifica ossessione\u201d per Napoleone, a duecento anni dalla sua morte, \u00e8 pi\u00f9 viva che mai e non risparmia nessuno, nemmeno un ex vicer\u00e9 dell\u2019India e un regista hollywoodiano.","og_url":"https:\/\/hl.museostorico.it\/historylabmagazine\/topic\/tutti-pazzi-per-napoleone\/","og_site_name":"HistoryLabMagazine","article_publisher":"https:\/\/www.facebook.com\/museostorico","article_published_time":"2024-09-25T13:48:40+00:00","og_image":[{"url":"https:\/\/hl.museostorico.it\/historylabmagazine\/wp-content\/uploads\/sites\/2\/2024\/09\/02_HLM_Topic_1-1024x684.jpg","type":"","width":"","height":""}],"author":"omar","twitter_card":"summary_large_image","twitter_misc":{"Scritto da":"omar","Tempo di lettura stimato":"5 minuti"},"schema":{"@context":"https:\/\/schema.org","@graph":[{"@type":"Article","@id":"https:\/\/hl.museostorico.it\/historylabmagazine\/topic\/tutti-pazzi-per-napoleone\/#article","isPartOf":{"@id":"https:\/\/hl.museostorico.it\/historylabmagazine\/topic\/tutti-pazzi-per-napoleone\/"},"author":{"name":"omar","@id":"https:\/\/hl.museostorico.it\/historylabmagazine\/#\/schema\/person\/d5c97491f40df75993b760e8bad0895c"},"headline":"\u00a0Tutti pazzi per Napoleone","datePublished":"2024-09-25T13:48:40+00:00","mainEntityOfPage":{"@id":"https:\/\/hl.museostorico.it\/historylabmagazine\/topic\/tutti-pazzi-per-napoleone\/"},"wordCount":823,"publisher":{"@id":"https:\/\/hl.museostorico.it\/historylabmagazine\/#organization"},"image":{"@id":"https:\/\/hl.museostorico.it\/historylabmagazine\/topic\/tutti-pazzi-per-napoleone\/#primaryimage"},"thumbnailUrl":"https:\/\/hl.museostorico.it\/historylabmagazine\/wp-content\/uploads\/sites\/2\/2024\/09\/02_HLM_Topic_1-1024x684.jpg","articleSection":["Topic"],"inLanguage":"it-IT"},{"@type":"WebPage","@id":"https:\/\/hl.museostorico.it\/historylabmagazine\/topic\/tutti-pazzi-per-napoleone\/","url":"https:\/\/hl.museostorico.it\/historylabmagazine\/topic\/tutti-pazzi-per-napoleone\/","name":"\u00a0Tutti pazzi per Napoleone - HistoryLabMagazine","isPartOf":{"@id":"https:\/\/hl.museostorico.it\/historylabmagazine\/#website"},"primaryImageOfPage":{"@id":"https:\/\/hl.museostorico.it\/historylabmagazine\/topic\/tutti-pazzi-per-napoleone\/#primaryimage"},"image":{"@id":"https:\/\/hl.museostorico.it\/historylabmagazine\/topic\/tutti-pazzi-per-napoleone\/#primaryimage"},"thumbnailUrl":"https:\/\/hl.museostorico.it\/historylabmagazine\/wp-content\/uploads\/sites\/2\/2024\/09\/02_HLM_Topic_1-1024x684.jpg","datePublished":"2024-09-25T13:48:40+00:00","description":"Tra collezionismo e ricostruzione filmica, la \u201cmagnifica ossessione\u201d per Napoleone, a duecento anni dalla sua morte, \u00e8 pi\u00f9 viva che mai e non risparmia nessuno, nemmeno un ex vicer\u00e9 dell\u2019India e un regista hollywoodiano.","breadcrumb":{"@id":"https:\/\/hl.museostorico.it\/historylabmagazine\/topic\/tutti-pazzi-per-napoleone\/#breadcrumb"},"inLanguage":"it-IT","potentialAction":[{"@type":"ReadAction","target":["https:\/\/hl.museostorico.it\/historylabmagazine\/topic\/tutti-pazzi-per-napoleone\/"]}]},{"@type":"ImageObject","inLanguage":"it-IT","@id":"https:\/\/hl.museostorico.it\/historylabmagazine\/topic\/tutti-pazzi-per-napoleone\/#primaryimage","url":"https:\/\/hl.museostorico.it\/historylabmagazine\/wp-content\/uploads\/sites\/2\/2024\/09\/02_HLM_Topic_1.jpg","contentUrl":"https:\/\/hl.museostorico.it\/historylabmagazine\/wp-content\/uploads\/sites\/2\/2024\/09\/02_HLM_Topic_1.jpg","width":1078,"height":720},{"@type":"BreadcrumbList","@id":"https:\/\/hl.museostorico.it\/historylabmagazine\/topic\/tutti-pazzi-per-napoleone\/#breadcrumb","itemListElement":[{"@type":"ListItem","position":1,"name":"Home","item":"https:\/\/hl.museostorico.it\/historylabmagazine\/"},{"@type":"ListItem","position":2,"name":"\u00a0Tutti pazzi per Napoleone"}]},{"@type":"WebSite","@id":"https:\/\/hl.museostorico.it\/historylabmagazine\/#website","url":"https:\/\/hl.museostorico.it\/historylabmagazine\/","name":"HistoryLabMagazine","description":"Fondazione Museo Storico del Trentino","publisher":{"@id":"https:\/\/hl.museostorico.it\/historylabmagazine\/#organization"},"potentialAction":[{"@type":"SearchAction","target":{"@type":"EntryPoint","urlTemplate":"https:\/\/hl.museostorico.it\/historylabmagazine\/?s={search_term_string}"},"query-input":{"@type":"PropertyValueSpecification","valueRequired":true,"valueName":"search_term_string"}}],"inLanguage":"it-IT"},{"@type":"Organization","@id":"https:\/\/hl.museostorico.it\/historylabmagazine\/#organization","name":"Fondazione Museo Storico del Trentino","url":"https:\/\/hl.museostorico.it\/historylabmagazine\/","logo":{"@type":"ImageObject","inLanguage":"it-IT","@id":"https:\/\/hl.museostorico.it\/historylabmagazine\/#\/schema\/logo\/image\/","url":"https:\/\/hl.museostorico.it\/historylabmagazine\/wp-content\/uploads\/sites\/2\/2022\/04\/favicon.jpg","contentUrl":"https:\/\/hl.museostorico.it\/historylabmagazine\/wp-content\/uploads\/sites\/2\/2022\/04\/favicon.jpg","width":176,"height":176,"caption":"Fondazione Museo Storico del Trentino"},"image":{"@id":"https:\/\/hl.museostorico.it\/historylabmagazine\/#\/schema\/logo\/image\/"},"sameAs":["https:\/\/www.facebook.com\/museostorico","https:\/\/www.instagram.com\/museostorico\/","https:\/\/www.youtube.com\/c\/museostorico"]},{"@type":"Person","@id":"https:\/\/hl.museostorico.it\/historylabmagazine\/#\/schema\/person\/d5c97491f40df75993b760e8bad0895c","name":"omar","image":{"@type":"ImageObject","inLanguage":"it-IT","@id":"https:\/\/hl.museostorico.it\/historylabmagazine\/wp-content\/litespeed\/avatar\/2\/48152516af6ddbb91e5f7fcf05dca98f.jpg?ver=1777057092","url":"https:\/\/hl.museostorico.it\/historylabmagazine\/wp-content\/litespeed\/avatar\/2\/48152516af6ddbb91e5f7fcf05dca98f.jpg?ver=1777057092","contentUrl":"https:\/\/hl.museostorico.it\/historylabmagazine\/wp-content\/litespeed\/avatar\/2\/48152516af6ddbb91e5f7fcf05dca98f.jpg?ver=1777057092","caption":"omar"},"description":"Ibus et pernam cus quev olormi, cons ed volore pro omni eni mpedit quibus sedia sitatur re num delic te officiend sedia sitatur re num.","sameAs":["https:\/\/hl.museostorico.it"]}]}},"_links":{"self":[{"href":"https:\/\/hl.museostorico.it\/historylabmagazine\/wp-json\/wp\/v2\/posts\/3696","targetHints":{"allow":["GET"]}}],"collection":[{"href":"https:\/\/hl.museostorico.it\/historylabmagazine\/wp-json\/wp\/v2\/posts"}],"about":[{"href":"https:\/\/hl.museostorico.it\/historylabmagazine\/wp-json\/wp\/v2\/types\/post"}],"author":[{"embeddable":true,"href":"https:\/\/hl.museostorico.it\/historylabmagazine\/wp-json\/wp\/v2\/users\/1"}],"replies":[{"embeddable":true,"href":"https:\/\/hl.museostorico.it\/historylabmagazine\/wp-json\/wp\/v2\/comments?post=3696"}],"version-history":[{"count":1,"href":"https:\/\/hl.museostorico.it\/historylabmagazine\/wp-json\/wp\/v2\/posts\/3696\/revisions"}],"predecessor-version":[{"id":3700,"href":"https:\/\/hl.museostorico.it\/historylabmagazine\/wp-json\/wp\/v2\/posts\/3696\/revisions\/3700"}],"wp:attachment":[{"href":"https:\/\/hl.museostorico.it\/historylabmagazine\/wp-json\/wp\/v2\/media?parent=3696"}],"wp:term":[{"taxonomy":"category","embeddable":true,"href":"https:\/\/hl.museostorico.it\/historylabmagazine\/wp-json\/wp\/v2\/categories?post=3696"},{"taxonomy":"post_tag","embeddable":true,"href":"https:\/\/hl.museostorico.it\/historylabmagazine\/wp-json\/wp\/v2\/tags?post=3696"},{"taxonomy":"aree","embeddable":true,"href":"https:\/\/hl.museostorico.it\/historylabmagazine\/wp-json\/wp\/v2\/aree?post=3696"},{"taxonomy":"numeri","embeddable":true,"href":"https:\/\/hl.museostorico.it\/historylabmagazine\/wp-json\/wp\/v2\/numeri?post=3696"}],"curies":[{"name":"wp","href":"https:\/\/api.w.org\/{rel}","templated":true}]}}