{"id":4357,"date":"2025-11-18T10:56:12","date_gmt":"2025-11-18T08:56:12","guid":{"rendered":"https:\/\/hl.museostorico.it\/historylabmagazine\/?p=4357"},"modified":"2025-11-18T12:47:45","modified_gmt":"2025-11-18T10:47:45","slug":"quando-larchivio-e-pop-in-dialogo-con-la-fondazione-gramsci-emilia-romagna","status":"publish","type":"post","link":"https:\/\/hl.museostorico.it\/historylabmagazine\/uncategorized\/quando-larchivio-e-pop-in-dialogo-con-la-fondazione-gramsci-emilia-romagna\/","title":{"rendered":"Quando l\u2019archivio \u00e8 pop: in dialogo con la Fondazione Gramsci Emilia-Romagna"},"content":{"rendered":"\n<p>Se ogni immagine pu\u00f2 essere letta come un testo, il manifesto \u00e8 un testo collettivo che parla la lingua del suo tempo, condensando nell\u2019immagine la complessit\u00e0 di un\u2019epoca. Lo sanno bene alla Fondazione Gramsci Emilia-Romagna, un\u2019istituzione culturale fondata all\u2019inizio degli anni Settanta del Novecento per conservare una raccolta documentaria sulla storia del partito comunista e della sinistra italiana. Oggi conserva pi\u00f9 di centomila tra pubblicazioni e materiale documentale (periodici, fotografie, manifesti, volantini) ed \u00e8 un punto di riferimento nel panorama nazionale sui temi della storia politica e sociale dell\u2019Italia contemporanea.&nbsp;<\/p>\n\n\n\n<p>In occasione dell\u2019uscita della nuova configurazione della banca dati <a href=\"http:\/\/manifestipolitici.it\"><em>Manifestipolitici.it<\/em><\/a>, realizzato dalla Fondazione, abbiamo dialogato con la direttrice Siriana Suprani e con la responsabile del progetto Simona Granelli. Tutto \u00e8 iniziato, ci raccontano, \u00abtra la fine degli anni Novanta e i primi anni Duemila, quando, attraverso l\u2019acquisizione di nuovi archivi, comincia a emergere una presenza importante di manifesti politici. Si stimava gi\u00e0 una collezione di oltre 10\/12 mila manifesti, un fondo ampio e sorprendentemente omogeneo\u00bb. La svolta avviene nel 2000, quando Bologna \u00e8 Capitale Europea della Cultura: da questa esperienza, nasce la consapevolezza (e la necessit\u00e0) di dover iniziare a trattare il documento <em>manifesto<\/em> in modo <em>circoscritto<\/em>, dando vita a un \u00abpunto di raccolta digitale\u00bb, uno spazio in cui conservare e rendere immediatamente consultabili testi e immagini provenienti da diverse raccolte, pubbliche e private. Un \u00abdatabase sperimentale\u00bb che attualmente conta circa 17.500 record tra manifesti, volantini e cartoline in un arco temporale che va dal 1850 ai giorni nostri: \u00abvi si possono riconoscere e ritrovare rappresentati i sindacati, i partiti, i movimenti, le associazioni locali e nazionali, ma non mancano anche manifesti provenienti da paesi stranieri\u00bb.<\/p>\n\n\n\n<figure class=\"wp-block-image size-large\"><img loading=\"lazy\" decoding=\"async\" width=\"1024\" height=\"683\" src=\"https:\/\/hl.museostorico.it\/historylabmagazine\/wp-content\/uploads\/sites\/2\/2025\/11\/1.-Foto-di-Margherita-Caprilli_SedeGramsci1-dimensioni-grandi-1024x683.jpeg\" alt=\"\" class=\"wp-image-4359\" srcset=\"https:\/\/hl.museostorico.it\/historylabmagazine\/wp-content\/uploads\/sites\/2\/2025\/11\/1.-Foto-di-Margherita-Caprilli_SedeGramsci1-dimensioni-grandi-1024x683.jpeg 1024w, https:\/\/hl.museostorico.it\/historylabmagazine\/wp-content\/uploads\/sites\/2\/2025\/11\/1.-Foto-di-Margherita-Caprilli_SedeGramsci1-dimensioni-grandi-300x200.jpeg 300w, https:\/\/hl.museostorico.it\/historylabmagazine\/wp-content\/uploads\/sites\/2\/2025\/11\/1.-Foto-di-Margherita-Caprilli_SedeGramsci1-dimensioni-grandi-768x512.jpeg 768w, https:\/\/hl.museostorico.it\/historylabmagazine\/wp-content\/uploads\/sites\/2\/2025\/11\/1.-Foto-di-Margherita-Caprilli_SedeGramsci1-dimensioni-grandi.jpeg 1280w\" sizes=\"auto, (max-width: 1024px) 100vw, 1024px\" \/><figcaption class=\"wp-element-caption\">Sede Fondazione Gramsci Emilia-Romagna, ph Margherita Caprilli<\/figcaption><\/figure>\n\n\n\n<p>L\u2019obiettivo era offrire a chiunque volesse consultare il materiale non una semplice descrizione, ma la possibilit\u00e0 di vedere direttamente anche le immagini. \u00abPer questa ragione abbiamo deciso di chiamarlo <em>banca dati<\/em>: perch\u00e9 \u00e8 un archivio digitale pensato principalmente come raccoglitore di immagini, accessibile a tutti\u00bb. Sulla scorta di altre esperienze simili, si \u00e8 scelto il software Sebina (oggi SebinaNEXT) che meglio sembrava rispondere a una catalogazione cos\u00ec particolare. L\u2019approccio adottato \u00e8 \u00abbasato sulla descrizione di un documento edito. In altre parole, scegliendo di attribuire quasi un valore bibliografico ai manifesti, trattandoli come singoli documenti da descrivere e seguendo i parametri della catalogazione SBN. Eravamo pienamente consapevoli che un manifesto non \u00e8 un libro! Tuttavia ci \u00e8 sembrato il modo pi\u00f9 efficace per rendere la consultazione pi\u00f9 agevole\u00bb. Per Agevolare l\u2019accesso alle informazioni \u00e8 facilitata la ricerca per tema e anche per rappresentazione iconografica: ogni foglio viene descritto e arricchito da parole relative ai contenuti, l\u2019argomento dell\u2019evento comunicato nel poster (il \u201csoggetto\u201d) e pure con parole relative alla specifica immagine presente. In questo modo \u00abchi cerca un manifesto sul Vietnam pu\u00f2 trovare documenti non solo tramite il termine Vietnam o parole come guerra, ma anche attraverso gli elementi che vi sono raffigurati, scelti per esprimere un messaggio di condanna del conflitto (per esempio la colomba, ricorrente allegoria della pace)\u00bb. Una banca dati cos\u00ec configurata permette di fare ricerche, ad esempio, sul numero di volte in cui la donna, la famiglia, la madre compaiono nei manifesti di un dato periodo \u00ababbiamo creato un sistema di descrizione che, pur discostandosi dai canonici criteri catalografici, consente di individuare ogni elemento rilevante dei manifesti, con una grande attenzione ai dettagli\u00bb. Oggi la nuova configurazione del portale prevede la presenza di una Digital Library e della tecnologia IIIF (International Image Interoperability Framework), estremamente utile per confrontare immagini di manifesti sia della Fondazione che di altre istituzioni che adottano lo stesso standard catalografico.<\/p>\n\n\n\n<figure class=\"wp-block-image size-large\"><img loading=\"lazy\" decoding=\"async\" width=\"1024\" height=\"682\" src=\"https:\/\/hl.museostorico.it\/historylabmagazine\/wp-content\/uploads\/sites\/2\/2025\/11\/2.-Foto-di-Margherita-Caprilli_Eventi-dimensioni-grandi-1024x682.jpeg\" alt=\"\" class=\"wp-image-4360\" srcset=\"https:\/\/hl.museostorico.it\/historylabmagazine\/wp-content\/uploads\/sites\/2\/2025\/11\/2.-Foto-di-Margherita-Caprilli_Eventi-dimensioni-grandi-1024x682.jpeg 1024w, https:\/\/hl.museostorico.it\/historylabmagazine\/wp-content\/uploads\/sites\/2\/2025\/11\/2.-Foto-di-Margherita-Caprilli_Eventi-dimensioni-grandi-300x200.jpeg 300w, https:\/\/hl.museostorico.it\/historylabmagazine\/wp-content\/uploads\/sites\/2\/2025\/11\/2.-Foto-di-Margherita-Caprilli_Eventi-dimensioni-grandi-768x512.jpeg 768w, https:\/\/hl.museostorico.it\/historylabmagazine\/wp-content\/uploads\/sites\/2\/2025\/11\/2.-Foto-di-Margherita-Caprilli_Eventi-dimensioni-grandi.jpeg 1280w\" sizes=\"auto, (max-width: 1024px) 100vw, 1024px\" \/><figcaption class=\"wp-element-caption\">Eventi, ph. Margerita Caprilli<\/figcaption><\/figure>\n\n\n\n<p>Certo, \u00abl\u2019attivit\u00e0 svolta in questi 25 anni non \u00e8 stata quotidiana e costante\u00bb riconoscono Suprani e Granelli, per via delle numerose attivit\u00e0 dell\u2019istituto e della non facile possibilit\u00e0 di reperire fondi. Nonostante tutto, l\u2019impegno sul fronte della conservazione e della valorizzazione dei manifesti non si \u00e8 mai arrestato e sono stati organizzati seminari, incontri, mostre. Il coinvolgimento di altri enti ha permesso di aprire il dialogo \u00absul linguaggio e sulle modalit\u00e0 di trattamento di questi materiali\u00bb: proprio l\u2019assenza di studi consolidati a cui riferirsi per la catalogazione, ha fatto s\u00ec che il lavoro del Gramsci fosse \u00abuna vera e propria esplorazione, in cui si \u00e8 dovuto inventare e sperimentare nuovi approcci, passo dopo passo\u00bb. In tal senso, il supporto di storici esperti in storia della propaganda e della comunicazione politica, come il professor Andrea Baravelli e altri docenti dell\u2019Universit\u00e0 di Ferrara, \u00ab\u00e8 stato prezioso, soprattutto nei momenti di presentazione pubblica della banca dati\u00bb per rimarcare \u00abla sua funzione originaria di strumento a servizio della ricerca storica\u00bb. Con gli archivisti, invece, \u00abc\u2019\u00e8 stata un po\u2019 pi\u00f9 di discussione \u2013 ricordano le intervistate \u2013, ad esempio Stefano Twardzik, allievo di Paola Carucci, aveva a quel tempo realizzato una pubblicazione sulla catalogazione dei manifesti dando ovviamente una impostazione differente rispetto al nostro metodo\u00bb. Diversamente, l\u2019Istituto dei Beni Culturali della Regione Emilia-Romagna \u00abci ha sostenuto nel nostro modo di procedere, suggerendo metodologie di descrizione e soggettazione ancora da sperimentare\u00bb.&nbsp;<\/p>\n\n\n\n<p>Il pubblico \u00e8 tendenzialmente specialistico e approccia le fonti per motivi di studio. L\u2019utente che naviga il database per semplice curiosit\u00e0 \u00aballa ricerca dei propri ricordi attraverso i manifesti, ma \u00e8 un caso abbastanza raro\u00bb. Dopo una fase iniziale di grande interesse da parte del mondo editoriale, la maggior parte delle richieste oggi arriva dal mondo della ricerca, storica e non, e dal settore della produzione audiovisiva: film, fiction televisive e documentari richiedono spesso manifesti come elementi di scenografia o per contestualizzare date ambientazioni. \u00abCi sono poi diversi utenti le cui richieste ci permettono anche di scoprire storie interessanti e aggiungere a un dato manifesto notizie o informazioni fino ad allora ignote\u00bb e ci\u00f2 contribuisce a rendere il database pi\u00f9 completo.&nbsp;<\/p>\n\n\n\n<figure class=\"wp-block-image size-large\"><img loading=\"lazy\" decoding=\"async\" width=\"1024\" height=\"768\" src=\"https:\/\/hl.museostorico.it\/historylabmagazine\/wp-content\/uploads\/sites\/2\/2025\/11\/3.-Breaching-the-Walls_Installazione_2-dimensioni-grandi-1024x768.jpeg\" alt=\"\" class=\"wp-image-4361\" srcset=\"https:\/\/hl.museostorico.it\/historylabmagazine\/wp-content\/uploads\/sites\/2\/2025\/11\/3.-Breaching-the-Walls_Installazione_2-dimensioni-grandi-1024x768.jpeg 1024w, https:\/\/hl.museostorico.it\/historylabmagazine\/wp-content\/uploads\/sites\/2\/2025\/11\/3.-Breaching-the-Walls_Installazione_2-dimensioni-grandi-300x225.jpeg 300w, https:\/\/hl.museostorico.it\/historylabmagazine\/wp-content\/uploads\/sites\/2\/2025\/11\/3.-Breaching-the-Walls_Installazione_2-dimensioni-grandi-768x576.jpeg 768w, https:\/\/hl.museostorico.it\/historylabmagazine\/wp-content\/uploads\/sites\/2\/2025\/11\/3.-Breaching-the-Walls_Installazione_2-dimensioni-grandi.jpeg 1280w\" sizes=\"auto, (max-width: 1024px) 100vw, 1024px\" \/><figcaption class=\"wp-element-caption\">Installazione, ph. Margherita Caprilli<\/figcaption><\/figure>\n\n\n\n<p>Se gli anni Novanta hanno segnato un cambiamento radicale nel linguaggio dei manifesti con la centralit\u00e0, quasi l\u2019esaltazione, dell\u2019immagine del leader, oggi il medium non ha pi\u00f9 una valenza strettamente politica o di critica sociale ma viene spesso concepito come oggetto d\u2019arte. Tra i progetti viene citato un progetto europeo dedicato alla caduta del muro di Berlino dove tra le azioni pi\u00f9 rilevanti era prevista la produzione di manifesti; \u00ababbiamo lavorato con la sezione grafica di una scuola professionale di Bologna perch\u00e9 gli studenti realizzassero manifesti ispirati a quell\u2019evento storico, da affiggere sui muri della citt\u00e0. Questi manifesti sono poi entrati nelle nostre raccolte e sono stati anche oggetto di una pubblicazione\u00bb.<\/p>\n\n\n\n<p>E proprio in linea con la nuova \u201cvita\u201d dei manifesti politici, la Fondazione Gramsci Emilia-Romagna ha stretto un accordo anche con l\u2019Accademia di Belle Arti di Bologna per la conservazione dei manifesti realizzati da studenti e studentesse: \u00abogni anno sono oltre cinquanta i poster progettati e prodotti in occasione di un bando promosso dal Comune di Bologna per la creazione di manifesti dedicati a particolari anniversari che l\u2019amministrazione intende celebrare \u2014 come la Giornata internazionale della donna o il 25 aprile\u00bb.<\/p>\n\n\n\n<p>Un\u2019ultima interessante collaborazione artistica porta il nome di <em>AI manifesta<\/em>: si tratta di una installazione di manifesti realizzati attraverso l\u2019utilizzo dell\u2019intelligenza artificiale. Grazie alla soggettazione utilizzata in Manifestipolitici.it \u00e8 stato possibile fare una ricerca per soggetto, estrapolando tutti i manifesti che a partire dagli anni Cinquanta hanno avuto come tema i fiori o la presenza di fiori nell\u2019iconografia. L\u2019elaborazione \u00e8 stata realizzata dall\u2019intelligenza artificiale ma guidata da due artisti, Francesco D\u2019Isa e Chiara Moresco, che hanno dato l\u2019input al software di rielaborare le immagini e dato cos\u00ec vita a nuovi manifesti, ognuno dei quali conserva un particolare caratterizzante dell\u2019originale. \u00abSi \u00e8 realizzato una specie di gioco dal messaggio interessante: una sperimentazione critica, non un\u2019esaltazione dell\u2019intelligenza artificiale bens\u00ec uno studio che ha permesso di scoprire un ulteriore campo di impiego del lavoro che stiamo portando avanti\u00bb.&nbsp;<\/p>\n\n\n\n<p>Il lavoro della Fondazione Gramsci Emilia-Romagna e i progetti che ruotano attorno al manifesto politico mostrano come esista ancora una certa sensibilit\u00e0 nei confronti di questo mezzo di comunicazione. Forse il <em>manifesto<\/em> non ha esaurito la sua funzione: semplicemente continua a trasformarsi, si adatta ai tempi e ai linguaggi contemporanei. E proprio questa capacit\u00e0 di evolversi \u00e8 il cuore pulsante di un archivio che continua a tenerne traccia.<\/p>\n\n\n\n<p>(Aggiornato al 19 novembre 2025)<\/p>\n","protected":false},"excerpt":{"rendered":"<p>La Fondazione Gramsci Emilia-Romagna \u00e8 oggi un punto di riferimento nel panorama nazionale per quanto riguarda la storia politica e sociale dell\u2019Italia contemporanea. Siamo andati a conoscerla per farci raccontare come lavora e come ha dato vita al database manifestipolitici.it.<\/p>\n","protected":false},"author":1,"featured_media":4358,"comment_status":"closed","ping_status":"closed","sticky":false,"template":"","format":"standard","meta":{"_acf_changed":false,"footnotes":""},"categories":[1],"tags":[],"aree":[16],"numeri":[],"class_list":["post-4357","post","type-post","status-publish","format-standard","has-post-thumbnail","hentry","category-uncategorized","aree-digital"],"acf":[],"yoast_head":"<!-- This site is optimized with the Yoast SEO Premium plugin v20.4 (Yoast SEO v27.4) - https:\/\/yoast.com\/product\/yoast-seo-premium-wordpress\/ -->\n<title>Quando l\u2019archivio \u00e8 pop: in dialogo con la Fondazione Gramsci Emilia-Romagna - HistoryLabMagazine<\/title>\n<meta name=\"description\" content=\"La Fondazione Gramsci Emilia-Romagna \u00e8 oggi un punto di riferimento nel panorama nazionale per quanto riguarda la storia politica e sociale dell\u2019Italia contemporanea. Siamo andati a conoscerla per farci raccontare come lavora e come ha dato vita al database manifestipolitici.it.\" \/>\n<meta name=\"robots\" content=\"index, follow, max-snippet:-1, max-image-preview:large, max-video-preview:-1\" \/>\n<link rel=\"canonical\" href=\"https:\/\/hl.museostorico.it\/historylabmagazine\/uncategorized\/quando-larchivio-e-pop-in-dialogo-con-la-fondazione-gramsci-emilia-romagna\/\" \/>\n<meta property=\"og:locale\" content=\"it_IT\" \/>\n<meta property=\"og:type\" content=\"article\" \/>\n<meta property=\"og:title\" content=\"Quando l\u2019archivio \u00e8 pop: in dialogo con la Fondazione Gramsci Emilia-Romagna\" \/>\n<meta property=\"og:description\" content=\"La Fondazione Gramsci Emilia-Romagna \u00e8 oggi un punto di riferimento nel panorama nazionale per quanto riguarda la storia politica e sociale dell\u2019Italia contemporanea. Siamo andati a conoscerla per farci raccontare come lavora e come ha dato vita al database manifestipolitici.it.\" \/>\n<meta property=\"og:url\" content=\"https:\/\/hl.museostorico.it\/historylabmagazine\/uncategorized\/quando-larchivio-e-pop-in-dialogo-con-la-fondazione-gramsci-emilia-romagna\/\" \/>\n<meta property=\"og:site_name\" content=\"HistoryLabMagazine\" \/>\n<meta property=\"article:publisher\" content=\"https:\/\/www.facebook.com\/museostorico\" \/>\n<meta property=\"article:published_time\" content=\"2025-11-18T08:56:12+00:00\" \/>\n<meta property=\"article:modified_time\" content=\"2025-11-18T10:47:45+00:00\" \/>\n<meta property=\"og:image\" content=\"https:\/\/hl.museostorico.it\/historylabmagazine\/wp-content\/uploads\/sites\/2\/2025\/11\/11_HLM_Digital.jpg\" \/>\n\t<meta property=\"og:image:width\" content=\"1272\" \/>\n\t<meta property=\"og:image:height\" content=\"764\" \/>\n\t<meta property=\"og:image:type\" content=\"image\/jpeg\" \/>\n<meta name=\"author\" content=\"omar\" \/>\n<meta name=\"twitter:card\" content=\"summary_large_image\" \/>\n<meta name=\"twitter:label1\" content=\"Scritto da\" \/>\n\t<meta name=\"twitter:data1\" content=\"omar\" \/>\n\t<meta name=\"twitter:label2\" content=\"Tempo di lettura stimato\" \/>\n\t<meta name=\"twitter:data2\" content=\"9 minuti\" \/>\n<script type=\"application\/ld+json\" class=\"yoast-schema-graph\">{\"@context\":\"https:\\\/\\\/schema.org\",\"@graph\":[{\"@type\":\"Article\",\"@id\":\"https:\\\/\\\/hl.museostorico.it\\\/historylabmagazine\\\/uncategorized\\\/quando-larchivio-e-pop-in-dialogo-con-la-fondazione-gramsci-emilia-romagna\\\/#article\",\"isPartOf\":{\"@id\":\"https:\\\/\\\/hl.museostorico.it\\\/historylabmagazine\\\/uncategorized\\\/quando-larchivio-e-pop-in-dialogo-con-la-fondazione-gramsci-emilia-romagna\\\/\"},\"author\":{\"name\":\"omar\",\"@id\":\"https:\\\/\\\/hl.museostorico.it\\\/historylabmagazine\\\/#\\\/schema\\\/person\\\/d5c97491f40df75993b760e8bad0895c\"},\"headline\":\"Quando l\u2019archivio \u00e8 pop: in dialogo con la Fondazione Gramsci Emilia-Romagna\",\"datePublished\":\"2025-11-18T08:56:12+00:00\",\"dateModified\":\"2025-11-18T10:47:45+00:00\",\"mainEntityOfPage\":{\"@id\":\"https:\\\/\\\/hl.museostorico.it\\\/historylabmagazine\\\/uncategorized\\\/quando-larchivio-e-pop-in-dialogo-con-la-fondazione-gramsci-emilia-romagna\\\/\"},\"wordCount\":1386,\"publisher\":{\"@id\":\"https:\\\/\\\/hl.museostorico.it\\\/historylabmagazine\\\/#organization\"},\"image\":{\"@id\":\"https:\\\/\\\/hl.museostorico.it\\\/historylabmagazine\\\/uncategorized\\\/quando-larchivio-e-pop-in-dialogo-con-la-fondazione-gramsci-emilia-romagna\\\/#primaryimage\"},\"thumbnailUrl\":\"https:\\\/\\\/hl.museostorico.it\\\/historylabmagazine\\\/wp-content\\\/uploads\\\/sites\\\/2\\\/2025\\\/11\\\/11_HLM_Digital.jpg\",\"articleSection\":[\"Uncategorized\"],\"inLanguage\":\"it-IT\"},{\"@type\":\"WebPage\",\"@id\":\"https:\\\/\\\/hl.museostorico.it\\\/historylabmagazine\\\/uncategorized\\\/quando-larchivio-e-pop-in-dialogo-con-la-fondazione-gramsci-emilia-romagna\\\/\",\"url\":\"https:\\\/\\\/hl.museostorico.it\\\/historylabmagazine\\\/uncategorized\\\/quando-larchivio-e-pop-in-dialogo-con-la-fondazione-gramsci-emilia-romagna\\\/\",\"name\":\"Quando l\u2019archivio \u00e8 pop: in dialogo con la Fondazione Gramsci Emilia-Romagna - HistoryLabMagazine\",\"isPartOf\":{\"@id\":\"https:\\\/\\\/hl.museostorico.it\\\/historylabmagazine\\\/#website\"},\"primaryImageOfPage\":{\"@id\":\"https:\\\/\\\/hl.museostorico.it\\\/historylabmagazine\\\/uncategorized\\\/quando-larchivio-e-pop-in-dialogo-con-la-fondazione-gramsci-emilia-romagna\\\/#primaryimage\"},\"image\":{\"@id\":\"https:\\\/\\\/hl.museostorico.it\\\/historylabmagazine\\\/uncategorized\\\/quando-larchivio-e-pop-in-dialogo-con-la-fondazione-gramsci-emilia-romagna\\\/#primaryimage\"},\"thumbnailUrl\":\"https:\\\/\\\/hl.museostorico.it\\\/historylabmagazine\\\/wp-content\\\/uploads\\\/sites\\\/2\\\/2025\\\/11\\\/11_HLM_Digital.jpg\",\"datePublished\":\"2025-11-18T08:56:12+00:00\",\"dateModified\":\"2025-11-18T10:47:45+00:00\",\"description\":\"La Fondazione Gramsci Emilia-Romagna \u00e8 oggi un punto di riferimento nel panorama nazionale per quanto riguarda la storia politica e sociale dell\u2019Italia contemporanea. Siamo andati a conoscerla per farci raccontare come lavora e come ha dato vita al database manifestipolitici.it.\",\"breadcrumb\":{\"@id\":\"https:\\\/\\\/hl.museostorico.it\\\/historylabmagazine\\\/uncategorized\\\/quando-larchivio-e-pop-in-dialogo-con-la-fondazione-gramsci-emilia-romagna\\\/#breadcrumb\"},\"inLanguage\":\"it-IT\",\"potentialAction\":[{\"@type\":\"ReadAction\",\"target\":[\"https:\\\/\\\/hl.museostorico.it\\\/historylabmagazine\\\/uncategorized\\\/quando-larchivio-e-pop-in-dialogo-con-la-fondazione-gramsci-emilia-romagna\\\/\"]}]},{\"@type\":\"ImageObject\",\"inLanguage\":\"it-IT\",\"@id\":\"https:\\\/\\\/hl.museostorico.it\\\/historylabmagazine\\\/uncategorized\\\/quando-larchivio-e-pop-in-dialogo-con-la-fondazione-gramsci-emilia-romagna\\\/#primaryimage\",\"url\":\"https:\\\/\\\/hl.museostorico.it\\\/historylabmagazine\\\/wp-content\\\/uploads\\\/sites\\\/2\\\/2025\\\/11\\\/11_HLM_Digital.jpg\",\"contentUrl\":\"https:\\\/\\\/hl.museostorico.it\\\/historylabmagazine\\\/wp-content\\\/uploads\\\/sites\\\/2\\\/2025\\\/11\\\/11_HLM_Digital.jpg\",\"width\":1272,\"height\":764},{\"@type\":\"BreadcrumbList\",\"@id\":\"https:\\\/\\\/hl.museostorico.it\\\/historylabmagazine\\\/uncategorized\\\/quando-larchivio-e-pop-in-dialogo-con-la-fondazione-gramsci-emilia-romagna\\\/#breadcrumb\",\"itemListElement\":[{\"@type\":\"ListItem\",\"position\":1,\"name\":\"Home\",\"item\":\"https:\\\/\\\/hl.museostorico.it\\\/historylabmagazine\\\/\"},{\"@type\":\"ListItem\",\"position\":2,\"name\":\"Quando l\u2019archivio \u00e8 pop: in dialogo con la Fondazione Gramsci Emilia-Romagna\"}]},{\"@type\":\"WebSite\",\"@id\":\"https:\\\/\\\/hl.museostorico.it\\\/historylabmagazine\\\/#website\",\"url\":\"https:\\\/\\\/hl.museostorico.it\\\/historylabmagazine\\\/\",\"name\":\"HistoryLabMagazine\",\"description\":\"Fondazione Museo Storico del Trentino\",\"publisher\":{\"@id\":\"https:\\\/\\\/hl.museostorico.it\\\/historylabmagazine\\\/#organization\"},\"potentialAction\":[{\"@type\":\"SearchAction\",\"target\":{\"@type\":\"EntryPoint\",\"urlTemplate\":\"https:\\\/\\\/hl.museostorico.it\\\/historylabmagazine\\\/?s={search_term_string}\"},\"query-input\":{\"@type\":\"PropertyValueSpecification\",\"valueRequired\":true,\"valueName\":\"search_term_string\"}}],\"inLanguage\":\"it-IT\"},{\"@type\":\"Organization\",\"@id\":\"https:\\\/\\\/hl.museostorico.it\\\/historylabmagazine\\\/#organization\",\"name\":\"Fondazione Museo Storico del Trentino\",\"url\":\"https:\\\/\\\/hl.museostorico.it\\\/historylabmagazine\\\/\",\"logo\":{\"@type\":\"ImageObject\",\"inLanguage\":\"it-IT\",\"@id\":\"https:\\\/\\\/hl.museostorico.it\\\/historylabmagazine\\\/#\\\/schema\\\/logo\\\/image\\\/\",\"url\":\"https:\\\/\\\/hl.museostorico.it\\\/historylabmagazine\\\/wp-content\\\/uploads\\\/sites\\\/2\\\/2022\\\/04\\\/favicon.jpg\",\"contentUrl\":\"https:\\\/\\\/hl.museostorico.it\\\/historylabmagazine\\\/wp-content\\\/uploads\\\/sites\\\/2\\\/2022\\\/04\\\/favicon.jpg\",\"width\":176,\"height\":176,\"caption\":\"Fondazione Museo Storico del Trentino\"},\"image\":{\"@id\":\"https:\\\/\\\/hl.museostorico.it\\\/historylabmagazine\\\/#\\\/schema\\\/logo\\\/image\\\/\"},\"sameAs\":[\"https:\\\/\\\/www.facebook.com\\\/museostorico\",\"https:\\\/\\\/www.instagram.com\\\/museostorico\\\/\",\"https:\\\/\\\/www.youtube.com\\\/c\\\/museostorico\"]},{\"@type\":\"Person\",\"@id\":\"https:\\\/\\\/hl.museostorico.it\\\/historylabmagazine\\\/#\\\/schema\\\/person\\\/d5c97491f40df75993b760e8bad0895c\",\"name\":\"omar\",\"image\":{\"@type\":\"ImageObject\",\"inLanguage\":\"it-IT\",\"@id\":\"https:\\\/\\\/hl.museostorico.it\\\/historylabmagazine\\\/wp-content\\\/litespeed\\\/avatar\\\/2\\\/48152516af6ddbb91e5f7fcf05dca98f.jpg?ver=1777057092\",\"url\":\"https:\\\/\\\/hl.museostorico.it\\\/historylabmagazine\\\/wp-content\\\/litespeed\\\/avatar\\\/2\\\/48152516af6ddbb91e5f7fcf05dca98f.jpg?ver=1777057092\",\"contentUrl\":\"https:\\\/\\\/hl.museostorico.it\\\/historylabmagazine\\\/wp-content\\\/litespeed\\\/avatar\\\/2\\\/48152516af6ddbb91e5f7fcf05dca98f.jpg?ver=1777057092\",\"caption\":\"omar\"},\"description\":\"Ibus et pernam cus quev olormi, cons ed volore pro omni eni mpedit quibus sedia sitatur re num delic te officiend sedia sitatur re num.\",\"sameAs\":[\"https:\\\/\\\/hl.museostorico.it\"]}]}<\/script>\n<!-- \/ Yoast SEO Premium plugin. -->","yoast_head_json":{"title":"Quando l\u2019archivio \u00e8 pop: in dialogo con la Fondazione Gramsci Emilia-Romagna - HistoryLabMagazine","description":"La Fondazione Gramsci Emilia-Romagna \u00e8 oggi un punto di riferimento nel panorama nazionale per quanto riguarda la storia politica e sociale dell\u2019Italia contemporanea. Siamo andati a conoscerla per farci raccontare come lavora e come ha dato vita al database manifestipolitici.it.","robots":{"index":"index","follow":"follow","max-snippet":"max-snippet:-1","max-image-preview":"max-image-preview:large","max-video-preview":"max-video-preview:-1"},"canonical":"https:\/\/hl.museostorico.it\/historylabmagazine\/uncategorized\/quando-larchivio-e-pop-in-dialogo-con-la-fondazione-gramsci-emilia-romagna\/","og_locale":"it_IT","og_type":"article","og_title":"Quando l\u2019archivio \u00e8 pop: in dialogo con la Fondazione Gramsci Emilia-Romagna","og_description":"La Fondazione Gramsci Emilia-Romagna \u00e8 oggi un punto di riferimento nel panorama nazionale per quanto riguarda la storia politica e sociale dell\u2019Italia contemporanea. Siamo andati a conoscerla per farci raccontare come lavora e come ha dato vita al database manifestipolitici.it.","og_url":"https:\/\/hl.museostorico.it\/historylabmagazine\/uncategorized\/quando-larchivio-e-pop-in-dialogo-con-la-fondazione-gramsci-emilia-romagna\/","og_site_name":"HistoryLabMagazine","article_publisher":"https:\/\/www.facebook.com\/museostorico","article_published_time":"2025-11-18T08:56:12+00:00","article_modified_time":"2025-11-18T10:47:45+00:00","og_image":[{"width":1272,"height":764,"url":"https:\/\/hl.museostorico.it\/historylabmagazine\/wp-content\/uploads\/sites\/2\/2025\/11\/11_HLM_Digital.jpg","type":"image\/jpeg"}],"author":"omar","twitter_card":"summary_large_image","twitter_misc":{"Scritto da":"omar","Tempo di lettura stimato":"9 minuti"},"schema":{"@context":"https:\/\/schema.org","@graph":[{"@type":"Article","@id":"https:\/\/hl.museostorico.it\/historylabmagazine\/uncategorized\/quando-larchivio-e-pop-in-dialogo-con-la-fondazione-gramsci-emilia-romagna\/#article","isPartOf":{"@id":"https:\/\/hl.museostorico.it\/historylabmagazine\/uncategorized\/quando-larchivio-e-pop-in-dialogo-con-la-fondazione-gramsci-emilia-romagna\/"},"author":{"name":"omar","@id":"https:\/\/hl.museostorico.it\/historylabmagazine\/#\/schema\/person\/d5c97491f40df75993b760e8bad0895c"},"headline":"Quando l\u2019archivio \u00e8 pop: in dialogo con la Fondazione Gramsci Emilia-Romagna","datePublished":"2025-11-18T08:56:12+00:00","dateModified":"2025-11-18T10:47:45+00:00","mainEntityOfPage":{"@id":"https:\/\/hl.museostorico.it\/historylabmagazine\/uncategorized\/quando-larchivio-e-pop-in-dialogo-con-la-fondazione-gramsci-emilia-romagna\/"},"wordCount":1386,"publisher":{"@id":"https:\/\/hl.museostorico.it\/historylabmagazine\/#organization"},"image":{"@id":"https:\/\/hl.museostorico.it\/historylabmagazine\/uncategorized\/quando-larchivio-e-pop-in-dialogo-con-la-fondazione-gramsci-emilia-romagna\/#primaryimage"},"thumbnailUrl":"https:\/\/hl.museostorico.it\/historylabmagazine\/wp-content\/uploads\/sites\/2\/2025\/11\/11_HLM_Digital.jpg","articleSection":["Uncategorized"],"inLanguage":"it-IT"},{"@type":"WebPage","@id":"https:\/\/hl.museostorico.it\/historylabmagazine\/uncategorized\/quando-larchivio-e-pop-in-dialogo-con-la-fondazione-gramsci-emilia-romagna\/","url":"https:\/\/hl.museostorico.it\/historylabmagazine\/uncategorized\/quando-larchivio-e-pop-in-dialogo-con-la-fondazione-gramsci-emilia-romagna\/","name":"Quando l\u2019archivio \u00e8 pop: in dialogo con la Fondazione Gramsci Emilia-Romagna - HistoryLabMagazine","isPartOf":{"@id":"https:\/\/hl.museostorico.it\/historylabmagazine\/#website"},"primaryImageOfPage":{"@id":"https:\/\/hl.museostorico.it\/historylabmagazine\/uncategorized\/quando-larchivio-e-pop-in-dialogo-con-la-fondazione-gramsci-emilia-romagna\/#primaryimage"},"image":{"@id":"https:\/\/hl.museostorico.it\/historylabmagazine\/uncategorized\/quando-larchivio-e-pop-in-dialogo-con-la-fondazione-gramsci-emilia-romagna\/#primaryimage"},"thumbnailUrl":"https:\/\/hl.museostorico.it\/historylabmagazine\/wp-content\/uploads\/sites\/2\/2025\/11\/11_HLM_Digital.jpg","datePublished":"2025-11-18T08:56:12+00:00","dateModified":"2025-11-18T10:47:45+00:00","description":"La Fondazione Gramsci Emilia-Romagna \u00e8 oggi un punto di riferimento nel panorama nazionale per quanto riguarda la storia politica e sociale dell\u2019Italia contemporanea. Siamo andati a conoscerla per farci raccontare come lavora e come ha dato vita al database manifestipolitici.it.","breadcrumb":{"@id":"https:\/\/hl.museostorico.it\/historylabmagazine\/uncategorized\/quando-larchivio-e-pop-in-dialogo-con-la-fondazione-gramsci-emilia-romagna\/#breadcrumb"},"inLanguage":"it-IT","potentialAction":[{"@type":"ReadAction","target":["https:\/\/hl.museostorico.it\/historylabmagazine\/uncategorized\/quando-larchivio-e-pop-in-dialogo-con-la-fondazione-gramsci-emilia-romagna\/"]}]},{"@type":"ImageObject","inLanguage":"it-IT","@id":"https:\/\/hl.museostorico.it\/historylabmagazine\/uncategorized\/quando-larchivio-e-pop-in-dialogo-con-la-fondazione-gramsci-emilia-romagna\/#primaryimage","url":"https:\/\/hl.museostorico.it\/historylabmagazine\/wp-content\/uploads\/sites\/2\/2025\/11\/11_HLM_Digital.jpg","contentUrl":"https:\/\/hl.museostorico.it\/historylabmagazine\/wp-content\/uploads\/sites\/2\/2025\/11\/11_HLM_Digital.jpg","width":1272,"height":764},{"@type":"BreadcrumbList","@id":"https:\/\/hl.museostorico.it\/historylabmagazine\/uncategorized\/quando-larchivio-e-pop-in-dialogo-con-la-fondazione-gramsci-emilia-romagna\/#breadcrumb","itemListElement":[{"@type":"ListItem","position":1,"name":"Home","item":"https:\/\/hl.museostorico.it\/historylabmagazine\/"},{"@type":"ListItem","position":2,"name":"Quando l\u2019archivio \u00e8 pop: in dialogo con la Fondazione Gramsci Emilia-Romagna"}]},{"@type":"WebSite","@id":"https:\/\/hl.museostorico.it\/historylabmagazine\/#website","url":"https:\/\/hl.museostorico.it\/historylabmagazine\/","name":"HistoryLabMagazine","description":"Fondazione Museo Storico del Trentino","publisher":{"@id":"https:\/\/hl.museostorico.it\/historylabmagazine\/#organization"},"potentialAction":[{"@type":"SearchAction","target":{"@type":"EntryPoint","urlTemplate":"https:\/\/hl.museostorico.it\/historylabmagazine\/?s={search_term_string}"},"query-input":{"@type":"PropertyValueSpecification","valueRequired":true,"valueName":"search_term_string"}}],"inLanguage":"it-IT"},{"@type":"Organization","@id":"https:\/\/hl.museostorico.it\/historylabmagazine\/#organization","name":"Fondazione Museo Storico del Trentino","url":"https:\/\/hl.museostorico.it\/historylabmagazine\/","logo":{"@type":"ImageObject","inLanguage":"it-IT","@id":"https:\/\/hl.museostorico.it\/historylabmagazine\/#\/schema\/logo\/image\/","url":"https:\/\/hl.museostorico.it\/historylabmagazine\/wp-content\/uploads\/sites\/2\/2022\/04\/favicon.jpg","contentUrl":"https:\/\/hl.museostorico.it\/historylabmagazine\/wp-content\/uploads\/sites\/2\/2022\/04\/favicon.jpg","width":176,"height":176,"caption":"Fondazione Museo Storico del Trentino"},"image":{"@id":"https:\/\/hl.museostorico.it\/historylabmagazine\/#\/schema\/logo\/image\/"},"sameAs":["https:\/\/www.facebook.com\/museostorico","https:\/\/www.instagram.com\/museostorico\/","https:\/\/www.youtube.com\/c\/museostorico"]},{"@type":"Person","@id":"https:\/\/hl.museostorico.it\/historylabmagazine\/#\/schema\/person\/d5c97491f40df75993b760e8bad0895c","name":"omar","image":{"@type":"ImageObject","inLanguage":"it-IT","@id":"https:\/\/hl.museostorico.it\/historylabmagazine\/wp-content\/litespeed\/avatar\/2\/48152516af6ddbb91e5f7fcf05dca98f.jpg?ver=1777057092","url":"https:\/\/hl.museostorico.it\/historylabmagazine\/wp-content\/litespeed\/avatar\/2\/48152516af6ddbb91e5f7fcf05dca98f.jpg?ver=1777057092","contentUrl":"https:\/\/hl.museostorico.it\/historylabmagazine\/wp-content\/litespeed\/avatar\/2\/48152516af6ddbb91e5f7fcf05dca98f.jpg?ver=1777057092","caption":"omar"},"description":"Ibus et pernam cus quev olormi, cons ed volore pro omni eni mpedit quibus sedia sitatur re num delic te officiend sedia sitatur re num.","sameAs":["https:\/\/hl.museostorico.it"]}]}},"_links":{"self":[{"href":"https:\/\/hl.museostorico.it\/historylabmagazine\/wp-json\/wp\/v2\/posts\/4357","targetHints":{"allow":["GET"]}}],"collection":[{"href":"https:\/\/hl.museostorico.it\/historylabmagazine\/wp-json\/wp\/v2\/posts"}],"about":[{"href":"https:\/\/hl.museostorico.it\/historylabmagazine\/wp-json\/wp\/v2\/types\/post"}],"author":[{"embeddable":true,"href":"https:\/\/hl.museostorico.it\/historylabmagazine\/wp-json\/wp\/v2\/users\/1"}],"replies":[{"embeddable":true,"href":"https:\/\/hl.museostorico.it\/historylabmagazine\/wp-json\/wp\/v2\/comments?post=4357"}],"version-history":[{"count":3,"href":"https:\/\/hl.museostorico.it\/historylabmagazine\/wp-json\/wp\/v2\/posts\/4357\/revisions"}],"predecessor-version":[{"id":4432,"href":"https:\/\/hl.museostorico.it\/historylabmagazine\/wp-json\/wp\/v2\/posts\/4357\/revisions\/4432"}],"wp:featuredmedia":[{"embeddable":true,"href":"https:\/\/hl.museostorico.it\/historylabmagazine\/wp-json\/wp\/v2\/media\/4358"}],"wp:attachment":[{"href":"https:\/\/hl.museostorico.it\/historylabmagazine\/wp-json\/wp\/v2\/media?parent=4357"}],"wp:term":[{"taxonomy":"category","embeddable":true,"href":"https:\/\/hl.museostorico.it\/historylabmagazine\/wp-json\/wp\/v2\/categories?post=4357"},{"taxonomy":"post_tag","embeddable":true,"href":"https:\/\/hl.museostorico.it\/historylabmagazine\/wp-json\/wp\/v2\/tags?post=4357"},{"taxonomy":"aree","embeddable":true,"href":"https:\/\/hl.museostorico.it\/historylabmagazine\/wp-json\/wp\/v2\/aree?post=4357"},{"taxonomy":"numeri","embeddable":true,"href":"https:\/\/hl.museostorico.it\/historylabmagazine\/wp-json\/wp\/v2\/numeri?post=4357"}],"curies":[{"name":"wp","href":"https:\/\/api.w.org\/{rel}","templated":true}]}}