{"id":513,"date":"2022-03-02T11:46:11","date_gmt":"2022-03-02T11:46:11","guid":{"rendered":"http:\/\/hl.museostorico.it\/historylabmagazine\/?p=513"},"modified":"2022-06-16T10:57:40","modified_gmt":"2022-06-16T08:57:40","slug":"pronto-con-chi-parlo-il-pubblico-della-nuova-divulgazione","status":"publish","type":"post","link":"https:\/\/hl.museostorico.it\/historylabmagazine\/cronache\/pronto-con-chi-parlo-il-pubblico-della-nuova-divulgazione\/","title":{"rendered":"Pronto, con chi parlo? Il pubblico della nuova divulgazione"},"content":{"rendered":"\n<p>Siamo il popolo del Danted\u00ec e l\u2019erede di un patrimonio culturale vertiginoso. E, allo stesso tempo, siamo un popolo che frequenta pochissimo i suoi tesori, con grandi potenzialit\u00e0 e spaventose lacune.<\/p>\n\n\n\n<p>Per comprendere la nuova comunicazione culturale e storica \u2013 ma soprattutto per farla \u2013 bisogna guardare non solo a chi confeziona i vari messaggi \u2013 agli history influencer per capirci \u2013 ma anche a chi questi contenuti sono rivolti.&nbsp;<br>Occorre guardare ai pubblici o ai target, che dir si voglia: non \u00e8 facile, ma \u00e8 necessario per evitare di parlarsi addosso e di essere autoreferenziali.&nbsp;<\/p>\n\n\n\n<p>Con questo obbiettivo, ci sono diverse ricerche a cui si pu\u00f2 guardare.&nbsp;<\/p>\n\n\n\n<h2 class=\"wp-block-heading\">I laureati sono la met\u00e0 della media europea<\/h2>\n\n\n\n<p>Nel 2018 l&#8217;Istituto nazionale di statistica (ISTAT) ha pubblicato un <em>Rapporto sulla conoscenza in Italia<\/em>. In quella relazione si riportava, assieme a molti altri, un dato impietoso. <br>Nel 2016 la popolazione adulta italiana tra i 25 e i 64 anni con almeno un titolo di scuola secondaria superiore era del 60,1% con un risultato leggermente migliore delle donne rispetto agli uomini. Un dato che magari in assoluto non dice molto, ma parla tanto se confrontato con la media europea: il risultato italiano \u00e8 inferiore a questa del 16,8%.<\/p>\n\n\n\n<figure class=\"wp-block-image size-full\"><img loading=\"lazy\" decoding=\"async\" width=\"540\" height=\"529\" src=\"https:\/\/hl.museostorico.it\/historylabmagazine\/wp-content\/uploads\/sites\/2\/2022\/03\/01-4.jpg\" alt=\"\" class=\"wp-image-517\" srcset=\"https:\/\/hl.museostorico.it\/historylabmagazine\/wp-content\/uploads\/sites\/2\/2022\/03\/01-4.jpg 540w, https:\/\/hl.museostorico.it\/historylabmagazine\/wp-content\/uploads\/sites\/2\/2022\/03\/01-4-300x294.jpg 300w\" sizes=\"auto, (max-width: 540px) 100vw, 540px\" \/><\/figure>\n\n\n\n<p>Se consideriamo poi la popolazione in possesso di un titolo terziario (laurea o maggiore) la percentuale italiana si attesta al 17,7% quasi la met\u00e0 della media europea che \u00e8 del 30,7%.&nbsp;<br>Nel nostro paese si riscontra, \u00e8 vero, una grande disparit\u00e0 per area geografica: buona notizia per alcune zone del Paese, pessima per altre che evidentemente si collocano molto al di sotto della media.<\/p>\n\n\n\n<h2 class=\"wp-block-heading\">Scarsi in matematica&nbsp;<\/h2>\n\n\n\n<p>Ma per non fermarsi solo ai titoli di istruzione, si deve guardare alle competenze acquisite. <br>Il monitoraggio PISA (<em>Programme for international student assessment<\/em>) dell&#8217;Organizzazione per la Cooperazione e lo Sviluppo Economico (OCSE) \u00e8 stato realizzato nel 2015 e nel 2018 per rilevare le competenze di studentesse e studenti. Con questo metodo sono state stimate le abilit\u00e0 in tre ambiti: lettura, matematica e scienze. In entrambe le rilevazioni i dati sono risultati nel complesso inferiori \u2013 anche se non in maniera drastica \u2013 alla media europea, in particolare in ambito scientifico.  Non solo, i risultati del 2018 sono in calo rispetto a quelli del 2015. Anche in questo caso si possono identificare grandi differenze all&#8217;interno del Paese.<\/p>\n\n\n\n<figure class=\"wp-block-image size-full\"><img loading=\"lazy\" decoding=\"async\" width=\"540\" height=\"292\" src=\"https:\/\/hl.museostorico.it\/historylabmagazine\/wp-content\/uploads\/sites\/2\/2022\/03\/02-2.jpg\" alt=\"\" class=\"wp-image-518\" srcset=\"https:\/\/hl.museostorico.it\/historylabmagazine\/wp-content\/uploads\/sites\/2\/2022\/03\/02-2.jpg 540w, https:\/\/hl.museostorico.it\/historylabmagazine\/wp-content\/uploads\/sites\/2\/2022\/03\/02-2-300x162.jpg 300w\" sizes=\"auto, (max-width: 540px) 100vw, 540px\" \/><\/figure>\n\n\n\n<h2 class=\"wp-block-heading\">Apprendimenti non adeguati per vivere e lavorare efficacemente<\/h2>\n\n\n\n<p>C&#8217;\u00e8 poi un altro dato che vale la pena considerare e questa volta \u00e8 davvero allarmante. \u00c8 da prendere un po&#8217; con le pinze perch\u00e9 fa riferimento ad una raccolta dati del 2012 mentre una nuova rilevazione sullo stesso tema e in corso in questo periodo. Si tratta del programma PIAAC (<em>Programme for the international assessment of adult competencies<\/em>) dell&#8217;OCSE che ha stimato conoscenze e competenze tra gli adulti. <br>Secondo questa rilevazione l\u2019Italia si colloca all\u2019ultimo posto tra i paesi che hanno partecipato per competenze linguistiche e al penultimo per abilit\u00e0 numeriche. Su questo risultato influiscono molto le competenze molto basse possedute dalla popolazione pi\u00f9 anziana del campione, mentre un po\u2019 meglio va a quella pi\u00f9 giovane.  Comunque la maggioranza del campione italiano testato si colloca ad un &#8220;livello 2, inferiore al \u201clivello 3\u201d considerato la base per vivere e lavorare efficacemente.<br>Sar\u00e0 interessante vedere l\u2019esito della raccolta dati pi\u00f9 recente. <\/p>\n\n\n\n<h2 class=\"wp-block-heading\">Ma c&#8217;\u00e8 voglia di formazione informale e non formale<\/h2>\n\n\n\n<p>Questi dati restituiscono un quadro pesante ma piuttosto chiaro: le competenze e le conoscenze finora acquisite dagli italiani attraverso il sistema di istruzione non sono soddisfacenti.<br>Ci sono per\u00f2 anche ampi margini di miglioramento e spiragli su cui vale senz\u2019altro la pena soffermarsi.<br>Nel gi\u00e0 citato <em>Rapporto sulla conoscenza in Italia<\/em> del 2018 si specifica che da noi, come altrove, esiste una corposa attivit\u00e0 di formazione degli adulti definita informale e non formale. Con informale si intendono quegli apprendimenti acquisiti nella pratica della vita quotidiana o del lavoro, mentre non formali sono i seminari e i corsi di aggiornamento esterni al sistema di istruzione tradizionale. <\/p>\n\n\n\n<figure class=\"wp-block-image size-full\"><img loading=\"lazy\" decoding=\"async\" width=\"540\" height=\"272\" src=\"https:\/\/hl.museostorico.it\/historylabmagazine\/wp-content\/uploads\/sites\/2\/2022\/03\/03-2.jpg\" alt=\"\" class=\"wp-image-519\" srcset=\"https:\/\/hl.museostorico.it\/historylabmagazine\/wp-content\/uploads\/sites\/2\/2022\/03\/03-2.jpg 540w, https:\/\/hl.museostorico.it\/historylabmagazine\/wp-content\/uploads\/sites\/2\/2022\/03\/03-2-300x151.jpg 300w\" sizes=\"auto, (max-width: 540px) 100vw, 540px\" \/><\/figure>\n\n\n\n<p>In Italia, ha partecipato almeno una volta all\u2019anno ad attivit\u00e0 di formazione non formali il 40,6% del campione nel 2016, un dato in crescita di 6 punti percentuali rispetto al 2011. All\u2019interno di questi apprendimenti, le attivit\u00e0 in ambito artistico e nelle scienze umane sono il 10%, ma salgono al 27,6% nel novero di corsi scelti per fini personali e non lavorativi.<\/p>\n\n\n\n<h2 class=\"wp-block-heading\">L&#8217;accesso ad internet \u00e8 diffuso (ma non abbastanza)<\/h2>\n\n\n\n<p>Un altro dato da considerare \u00e8 quello relativo all\u2019uso dei computer. La media europea di coloro che lo utilizzano quotidianamente si attestava nel 2017 al 64% ma con un\u2019ampia forbice che andava dall\u201980% del Nord Europa a cifre molto inferiori nei paesi del Sud Europa, con l\u2019Italia che si collocava al 52%.<br>Se poi guardiamo ad internet, le persone che in Italia ne facevano un uso regolare, almeno una volta alla settimana era il 69% della popolazione adulta, una percentuale che \u00e8 certamente cresciuta negli ultimi anni, anche grazie alla massiccia diffusione di dispositivi mobili.&nbsp;<\/p>\n\n\n\n<figure class=\"wp-block-image size-full\"><img loading=\"lazy\" decoding=\"async\" width=\"540\" height=\"263\" src=\"https:\/\/hl.museostorico.it\/historylabmagazine\/wp-content\/uploads\/sites\/2\/2022\/03\/04-1.jpg\" alt=\"\" class=\"wp-image-520\" srcset=\"https:\/\/hl.museostorico.it\/historylabmagazine\/wp-content\/uploads\/sites\/2\/2022\/03\/04-1.jpg 540w, https:\/\/hl.museostorico.it\/historylabmagazine\/wp-content\/uploads\/sites\/2\/2022\/03\/04-1-300x146.jpg 300w\" sizes=\"auto, (max-width: 540px) 100vw, 540px\" \/><\/figure>\n\n\n\n<h2 class=\"wp-block-heading\">Lacune e potenzialit\u00e0<\/h2>\n\n\n\n<p>Cosa mostrano questi dati? Una situazione critica certamente, con lacune pesanti da recuperare, un paese spaccato anche a livello di formazione. A voler vedere per\u00f2 il lato positivo,  non mancano le potenzialit\u00e0. Gli italiani adulti sono abituati ad accedere a contenuti di formazione non formali, hanno una discreta disponibilit\u00e0 di computer e dimestichezza con internet. Tutti elementi ancor pi\u00f9 evidenti se si considera la popolazione in et\u00e0 scolastica. <br>Si tratta di precondizioni preziose per immaginare una divulgazione storica e in senso pi\u00f9 ampio culturale in grado di utilizzare questi canali e i linguaggi che essi richiedono. A patto di non dimenticarsi mai del soggetto pi\u00f9 importante di ogni comunicazione, quello a cui stiamo parlando. <\/p>\n\n\n\n<p>(Aggiornato al 1 aprile 2022)<\/p>\n","protected":false},"excerpt":{"rendered":"<p>Siamo il popolo del Danted\u00ec e l\u2019erede di un patrimonio culturale vertiginoso. E, allo stesso tempo, siamo un popolo che frequenta pochissimo i suoi tesori, con grandi potenzialit\u00e0 e spaventose lacune.<\/p>\n","protected":false},"author":1,"featured_media":514,"comment_status":"closed","ping_status":"closed","sticky":false,"template":"","format":"standard","meta":{"_acf_changed":false,"footnotes":""},"categories":[5],"tags":[],"aree":[],"numeri":[13],"class_list":["post-513","post","type-post","status-publish","format-standard","has-post-thumbnail","hentry","category-cronache","numeri-history-influencer"],"acf":[],"yoast_head":"<!-- This site is optimized with the Yoast SEO Premium plugin v20.4 (Yoast SEO v27.4) - https:\/\/yoast.com\/product\/yoast-seo-premium-wordpress\/ -->\n<title>Pronto, con chi parlo? Il pubblico della nuova divulgazione - HistoryLabMagazine<\/title>\n<meta name=\"description\" content=\"Siamo il popolo del Danted\u00ec e l\u2019erede di un patrimonio culturale vertiginoso. E, allo stesso tempo, siamo un popolo che frequenta pochissimo i suoi tesori, con grandi potenzialit\u00e0 e spaventose lacune.\" \/>\n<meta name=\"robots\" content=\"index, follow, max-snippet:-1, max-image-preview:large, max-video-preview:-1\" \/>\n<link rel=\"canonical\" href=\"https:\/\/hl.museostorico.it\/historylabmagazine\/cronache\/pronto-con-chi-parlo-il-pubblico-della-nuova-divulgazione\/\" \/>\n<meta property=\"og:locale\" content=\"it_IT\" \/>\n<meta property=\"og:type\" content=\"article\" \/>\n<meta property=\"og:title\" content=\"Pronto, con chi parlo? Il pubblico della nuova divulgazione\" \/>\n<meta property=\"og:description\" content=\"Siamo il popolo del Danted\u00ec e l\u2019erede di un patrimonio culturale vertiginoso. E, allo stesso tempo, siamo un popolo che frequenta pochissimo i suoi tesori, con grandi potenzialit\u00e0 e spaventose lacune.\" \/>\n<meta property=\"og:url\" content=\"https:\/\/hl.museostorico.it\/historylabmagazine\/cronache\/pronto-con-chi-parlo-il-pubblico-della-nuova-divulgazione\/\" \/>\n<meta property=\"og:site_name\" content=\"HistoryLabMagazine\" \/>\n<meta property=\"article:publisher\" content=\"https:\/\/www.facebook.com\/museostorico\" \/>\n<meta property=\"article:published_time\" content=\"2022-03-02T11:46:11+00:00\" \/>\n<meta property=\"article:modified_time\" content=\"2022-06-16T08:57:40+00:00\" \/>\n<meta property=\"og:image\" content=\"https:\/\/hl.museostorico.it\/historylabmagazine\/wp-content\/uploads\/sites\/2\/2022\/03\/00-copertina-2.jpg\" \/>\n\t<meta property=\"og:image:width\" content=\"636\" \/>\n\t<meta property=\"og:image:height\" content=\"400\" \/>\n\t<meta property=\"og:image:type\" content=\"image\/jpeg\" \/>\n<meta name=\"author\" content=\"omar\" \/>\n<meta name=\"twitter:card\" content=\"summary_large_image\" \/>\n<meta name=\"twitter:label1\" content=\"Scritto da\" \/>\n\t<meta name=\"twitter:data1\" content=\"omar\" \/>\n\t<meta name=\"twitter:label2\" content=\"Tempo di lettura stimato\" \/>\n\t<meta name=\"twitter:data2\" content=\"6 minuti\" \/>\n<script type=\"application\/ld+json\" class=\"yoast-schema-graph\">{\"@context\":\"https:\\\/\\\/schema.org\",\"@graph\":[{\"@type\":\"Article\",\"@id\":\"https:\\\/\\\/hl.museostorico.it\\\/historylabmagazine\\\/cronache\\\/pronto-con-chi-parlo-il-pubblico-della-nuova-divulgazione\\\/#article\",\"isPartOf\":{\"@id\":\"https:\\\/\\\/hl.museostorico.it\\\/historylabmagazine\\\/cronache\\\/pronto-con-chi-parlo-il-pubblico-della-nuova-divulgazione\\\/\"},\"author\":{\"name\":\"omar\",\"@id\":\"https:\\\/\\\/hl.museostorico.it\\\/historylabmagazine\\\/#\\\/schema\\\/person\\\/d5c97491f40df75993b760e8bad0895c\"},\"headline\":\"Pronto, con chi parlo? Il pubblico della nuova divulgazione\",\"datePublished\":\"2022-03-02T11:46:11+00:00\",\"dateModified\":\"2022-06-16T08:57:40+00:00\",\"mainEntityOfPage\":{\"@id\":\"https:\\\/\\\/hl.museostorico.it\\\/historylabmagazine\\\/cronache\\\/pronto-con-chi-parlo-il-pubblico-della-nuova-divulgazione\\\/\"},\"wordCount\":932,\"publisher\":{\"@id\":\"https:\\\/\\\/hl.museostorico.it\\\/historylabmagazine\\\/#organization\"},\"image\":{\"@id\":\"https:\\\/\\\/hl.museostorico.it\\\/historylabmagazine\\\/cronache\\\/pronto-con-chi-parlo-il-pubblico-della-nuova-divulgazione\\\/#primaryimage\"},\"thumbnailUrl\":\"https:\\\/\\\/hl.museostorico.it\\\/historylabmagazine\\\/wp-content\\\/uploads\\\/sites\\\/2\\\/2022\\\/03\\\/00-copertina-2.jpg\",\"articleSection\":[\"Cronache\"],\"inLanguage\":\"it-IT\"},{\"@type\":\"WebPage\",\"@id\":\"https:\\\/\\\/hl.museostorico.it\\\/historylabmagazine\\\/cronache\\\/pronto-con-chi-parlo-il-pubblico-della-nuova-divulgazione\\\/\",\"url\":\"https:\\\/\\\/hl.museostorico.it\\\/historylabmagazine\\\/cronache\\\/pronto-con-chi-parlo-il-pubblico-della-nuova-divulgazione\\\/\",\"name\":\"Pronto, con chi parlo? Il pubblico della nuova divulgazione - HistoryLabMagazine\",\"isPartOf\":{\"@id\":\"https:\\\/\\\/hl.museostorico.it\\\/historylabmagazine\\\/#website\"},\"primaryImageOfPage\":{\"@id\":\"https:\\\/\\\/hl.museostorico.it\\\/historylabmagazine\\\/cronache\\\/pronto-con-chi-parlo-il-pubblico-della-nuova-divulgazione\\\/#primaryimage\"},\"image\":{\"@id\":\"https:\\\/\\\/hl.museostorico.it\\\/historylabmagazine\\\/cronache\\\/pronto-con-chi-parlo-il-pubblico-della-nuova-divulgazione\\\/#primaryimage\"},\"thumbnailUrl\":\"https:\\\/\\\/hl.museostorico.it\\\/historylabmagazine\\\/wp-content\\\/uploads\\\/sites\\\/2\\\/2022\\\/03\\\/00-copertina-2.jpg\",\"datePublished\":\"2022-03-02T11:46:11+00:00\",\"dateModified\":\"2022-06-16T08:57:40+00:00\",\"description\":\"Siamo il popolo del Danted\u00ec e l\u2019erede di un patrimonio culturale vertiginoso. E, allo stesso tempo, siamo un popolo che frequenta pochissimo i suoi tesori, con grandi potenzialit\u00e0 e spaventose lacune.\",\"breadcrumb\":{\"@id\":\"https:\\\/\\\/hl.museostorico.it\\\/historylabmagazine\\\/cronache\\\/pronto-con-chi-parlo-il-pubblico-della-nuova-divulgazione\\\/#breadcrumb\"},\"inLanguage\":\"it-IT\",\"potentialAction\":[{\"@type\":\"ReadAction\",\"target\":[\"https:\\\/\\\/hl.museostorico.it\\\/historylabmagazine\\\/cronache\\\/pronto-con-chi-parlo-il-pubblico-della-nuova-divulgazione\\\/\"]}]},{\"@type\":\"ImageObject\",\"inLanguage\":\"it-IT\",\"@id\":\"https:\\\/\\\/hl.museostorico.it\\\/historylabmagazine\\\/cronache\\\/pronto-con-chi-parlo-il-pubblico-della-nuova-divulgazione\\\/#primaryimage\",\"url\":\"https:\\\/\\\/hl.museostorico.it\\\/historylabmagazine\\\/wp-content\\\/uploads\\\/sites\\\/2\\\/2022\\\/03\\\/00-copertina-2.jpg\",\"contentUrl\":\"https:\\\/\\\/hl.museostorico.it\\\/historylabmagazine\\\/wp-content\\\/uploads\\\/sites\\\/2\\\/2022\\\/03\\\/00-copertina-2.jpg\",\"width\":636,\"height\":400},{\"@type\":\"BreadcrumbList\",\"@id\":\"https:\\\/\\\/hl.museostorico.it\\\/historylabmagazine\\\/cronache\\\/pronto-con-chi-parlo-il-pubblico-della-nuova-divulgazione\\\/#breadcrumb\",\"itemListElement\":[{\"@type\":\"ListItem\",\"position\":1,\"name\":\"Home\",\"item\":\"https:\\\/\\\/hl.museostorico.it\\\/historylabmagazine\\\/\"},{\"@type\":\"ListItem\",\"position\":2,\"name\":\"Pronto, con chi parlo? Il pubblico della nuova divulgazione\"}]},{\"@type\":\"WebSite\",\"@id\":\"https:\\\/\\\/hl.museostorico.it\\\/historylabmagazine\\\/#website\",\"url\":\"https:\\\/\\\/hl.museostorico.it\\\/historylabmagazine\\\/\",\"name\":\"HistoryLabMagazine\",\"description\":\"Fondazione Museo Storico del Trentino\",\"publisher\":{\"@id\":\"https:\\\/\\\/hl.museostorico.it\\\/historylabmagazine\\\/#organization\"},\"potentialAction\":[{\"@type\":\"SearchAction\",\"target\":{\"@type\":\"EntryPoint\",\"urlTemplate\":\"https:\\\/\\\/hl.museostorico.it\\\/historylabmagazine\\\/?s={search_term_string}\"},\"query-input\":{\"@type\":\"PropertyValueSpecification\",\"valueRequired\":true,\"valueName\":\"search_term_string\"}}],\"inLanguage\":\"it-IT\"},{\"@type\":\"Organization\",\"@id\":\"https:\\\/\\\/hl.museostorico.it\\\/historylabmagazine\\\/#organization\",\"name\":\"Fondazione Museo Storico del Trentino\",\"url\":\"https:\\\/\\\/hl.museostorico.it\\\/historylabmagazine\\\/\",\"logo\":{\"@type\":\"ImageObject\",\"inLanguage\":\"it-IT\",\"@id\":\"https:\\\/\\\/hl.museostorico.it\\\/historylabmagazine\\\/#\\\/schema\\\/logo\\\/image\\\/\",\"url\":\"https:\\\/\\\/hl.museostorico.it\\\/historylabmagazine\\\/wp-content\\\/uploads\\\/sites\\\/2\\\/2022\\\/04\\\/favicon.jpg\",\"contentUrl\":\"https:\\\/\\\/hl.museostorico.it\\\/historylabmagazine\\\/wp-content\\\/uploads\\\/sites\\\/2\\\/2022\\\/04\\\/favicon.jpg\",\"width\":176,\"height\":176,\"caption\":\"Fondazione Museo Storico del Trentino\"},\"image\":{\"@id\":\"https:\\\/\\\/hl.museostorico.it\\\/historylabmagazine\\\/#\\\/schema\\\/logo\\\/image\\\/\"},\"sameAs\":[\"https:\\\/\\\/www.facebook.com\\\/museostorico\",\"https:\\\/\\\/www.instagram.com\\\/museostorico\\\/\",\"https:\\\/\\\/www.youtube.com\\\/c\\\/museostorico\"]},{\"@type\":\"Person\",\"@id\":\"https:\\\/\\\/hl.museostorico.it\\\/historylabmagazine\\\/#\\\/schema\\\/person\\\/d5c97491f40df75993b760e8bad0895c\",\"name\":\"omar\",\"image\":{\"@type\":\"ImageObject\",\"inLanguage\":\"it-IT\",\"@id\":\"https:\\\/\\\/hl.museostorico.it\\\/historylabmagazine\\\/wp-content\\\/litespeed\\\/avatar\\\/2\\\/48152516af6ddbb91e5f7fcf05dca98f.jpg?ver=1777057092\",\"url\":\"https:\\\/\\\/hl.museostorico.it\\\/historylabmagazine\\\/wp-content\\\/litespeed\\\/avatar\\\/2\\\/48152516af6ddbb91e5f7fcf05dca98f.jpg?ver=1777057092\",\"contentUrl\":\"https:\\\/\\\/hl.museostorico.it\\\/historylabmagazine\\\/wp-content\\\/litespeed\\\/avatar\\\/2\\\/48152516af6ddbb91e5f7fcf05dca98f.jpg?ver=1777057092\",\"caption\":\"omar\"},\"description\":\"Ibus et pernam cus quev olormi, cons ed volore pro omni eni mpedit quibus sedia sitatur re num delic te officiend sedia sitatur re num.\",\"sameAs\":[\"https:\\\/\\\/hl.museostorico.it\"]}]}<\/script>\n<!-- \/ Yoast SEO Premium plugin. -->","yoast_head_json":{"title":"Pronto, con chi parlo? Il pubblico della nuova divulgazione - HistoryLabMagazine","description":"Siamo il popolo del Danted\u00ec e l\u2019erede di un patrimonio culturale vertiginoso. E, allo stesso tempo, siamo un popolo che frequenta pochissimo i suoi tesori, con grandi potenzialit\u00e0 e spaventose lacune.","robots":{"index":"index","follow":"follow","max-snippet":"max-snippet:-1","max-image-preview":"max-image-preview:large","max-video-preview":"max-video-preview:-1"},"canonical":"https:\/\/hl.museostorico.it\/historylabmagazine\/cronache\/pronto-con-chi-parlo-il-pubblico-della-nuova-divulgazione\/","og_locale":"it_IT","og_type":"article","og_title":"Pronto, con chi parlo? Il pubblico della nuova divulgazione","og_description":"Siamo il popolo del Danted\u00ec e l\u2019erede di un patrimonio culturale vertiginoso. E, allo stesso tempo, siamo un popolo che frequenta pochissimo i suoi tesori, con grandi potenzialit\u00e0 e spaventose lacune.","og_url":"https:\/\/hl.museostorico.it\/historylabmagazine\/cronache\/pronto-con-chi-parlo-il-pubblico-della-nuova-divulgazione\/","og_site_name":"HistoryLabMagazine","article_publisher":"https:\/\/www.facebook.com\/museostorico","article_published_time":"2022-03-02T11:46:11+00:00","article_modified_time":"2022-06-16T08:57:40+00:00","og_image":[{"width":636,"height":400,"url":"https:\/\/hl.museostorico.it\/historylabmagazine\/wp-content\/uploads\/sites\/2\/2022\/03\/00-copertina-2.jpg","type":"image\/jpeg"}],"author":"omar","twitter_card":"summary_large_image","twitter_misc":{"Scritto da":"omar","Tempo di lettura stimato":"6 minuti"},"schema":{"@context":"https:\/\/schema.org","@graph":[{"@type":"Article","@id":"https:\/\/hl.museostorico.it\/historylabmagazine\/cronache\/pronto-con-chi-parlo-il-pubblico-della-nuova-divulgazione\/#article","isPartOf":{"@id":"https:\/\/hl.museostorico.it\/historylabmagazine\/cronache\/pronto-con-chi-parlo-il-pubblico-della-nuova-divulgazione\/"},"author":{"name":"omar","@id":"https:\/\/hl.museostorico.it\/historylabmagazine\/#\/schema\/person\/d5c97491f40df75993b760e8bad0895c"},"headline":"Pronto, con chi parlo? Il pubblico della nuova divulgazione","datePublished":"2022-03-02T11:46:11+00:00","dateModified":"2022-06-16T08:57:40+00:00","mainEntityOfPage":{"@id":"https:\/\/hl.museostorico.it\/historylabmagazine\/cronache\/pronto-con-chi-parlo-il-pubblico-della-nuova-divulgazione\/"},"wordCount":932,"publisher":{"@id":"https:\/\/hl.museostorico.it\/historylabmagazine\/#organization"},"image":{"@id":"https:\/\/hl.museostorico.it\/historylabmagazine\/cronache\/pronto-con-chi-parlo-il-pubblico-della-nuova-divulgazione\/#primaryimage"},"thumbnailUrl":"https:\/\/hl.museostorico.it\/historylabmagazine\/wp-content\/uploads\/sites\/2\/2022\/03\/00-copertina-2.jpg","articleSection":["Cronache"],"inLanguage":"it-IT"},{"@type":"WebPage","@id":"https:\/\/hl.museostorico.it\/historylabmagazine\/cronache\/pronto-con-chi-parlo-il-pubblico-della-nuova-divulgazione\/","url":"https:\/\/hl.museostorico.it\/historylabmagazine\/cronache\/pronto-con-chi-parlo-il-pubblico-della-nuova-divulgazione\/","name":"Pronto, con chi parlo? Il pubblico della nuova divulgazione - HistoryLabMagazine","isPartOf":{"@id":"https:\/\/hl.museostorico.it\/historylabmagazine\/#website"},"primaryImageOfPage":{"@id":"https:\/\/hl.museostorico.it\/historylabmagazine\/cronache\/pronto-con-chi-parlo-il-pubblico-della-nuova-divulgazione\/#primaryimage"},"image":{"@id":"https:\/\/hl.museostorico.it\/historylabmagazine\/cronache\/pronto-con-chi-parlo-il-pubblico-della-nuova-divulgazione\/#primaryimage"},"thumbnailUrl":"https:\/\/hl.museostorico.it\/historylabmagazine\/wp-content\/uploads\/sites\/2\/2022\/03\/00-copertina-2.jpg","datePublished":"2022-03-02T11:46:11+00:00","dateModified":"2022-06-16T08:57:40+00:00","description":"Siamo il popolo del Danted\u00ec e l\u2019erede di un patrimonio culturale vertiginoso. E, allo stesso tempo, siamo un popolo che frequenta pochissimo i suoi tesori, con grandi potenzialit\u00e0 e spaventose lacune.","breadcrumb":{"@id":"https:\/\/hl.museostorico.it\/historylabmagazine\/cronache\/pronto-con-chi-parlo-il-pubblico-della-nuova-divulgazione\/#breadcrumb"},"inLanguage":"it-IT","potentialAction":[{"@type":"ReadAction","target":["https:\/\/hl.museostorico.it\/historylabmagazine\/cronache\/pronto-con-chi-parlo-il-pubblico-della-nuova-divulgazione\/"]}]},{"@type":"ImageObject","inLanguage":"it-IT","@id":"https:\/\/hl.museostorico.it\/historylabmagazine\/cronache\/pronto-con-chi-parlo-il-pubblico-della-nuova-divulgazione\/#primaryimage","url":"https:\/\/hl.museostorico.it\/historylabmagazine\/wp-content\/uploads\/sites\/2\/2022\/03\/00-copertina-2.jpg","contentUrl":"https:\/\/hl.museostorico.it\/historylabmagazine\/wp-content\/uploads\/sites\/2\/2022\/03\/00-copertina-2.jpg","width":636,"height":400},{"@type":"BreadcrumbList","@id":"https:\/\/hl.museostorico.it\/historylabmagazine\/cronache\/pronto-con-chi-parlo-il-pubblico-della-nuova-divulgazione\/#breadcrumb","itemListElement":[{"@type":"ListItem","position":1,"name":"Home","item":"https:\/\/hl.museostorico.it\/historylabmagazine\/"},{"@type":"ListItem","position":2,"name":"Pronto, con chi parlo? Il pubblico della nuova divulgazione"}]},{"@type":"WebSite","@id":"https:\/\/hl.museostorico.it\/historylabmagazine\/#website","url":"https:\/\/hl.museostorico.it\/historylabmagazine\/","name":"HistoryLabMagazine","description":"Fondazione Museo Storico del Trentino","publisher":{"@id":"https:\/\/hl.museostorico.it\/historylabmagazine\/#organization"},"potentialAction":[{"@type":"SearchAction","target":{"@type":"EntryPoint","urlTemplate":"https:\/\/hl.museostorico.it\/historylabmagazine\/?s={search_term_string}"},"query-input":{"@type":"PropertyValueSpecification","valueRequired":true,"valueName":"search_term_string"}}],"inLanguage":"it-IT"},{"@type":"Organization","@id":"https:\/\/hl.museostorico.it\/historylabmagazine\/#organization","name":"Fondazione Museo Storico del Trentino","url":"https:\/\/hl.museostorico.it\/historylabmagazine\/","logo":{"@type":"ImageObject","inLanguage":"it-IT","@id":"https:\/\/hl.museostorico.it\/historylabmagazine\/#\/schema\/logo\/image\/","url":"https:\/\/hl.museostorico.it\/historylabmagazine\/wp-content\/uploads\/sites\/2\/2022\/04\/favicon.jpg","contentUrl":"https:\/\/hl.museostorico.it\/historylabmagazine\/wp-content\/uploads\/sites\/2\/2022\/04\/favicon.jpg","width":176,"height":176,"caption":"Fondazione Museo Storico del Trentino"},"image":{"@id":"https:\/\/hl.museostorico.it\/historylabmagazine\/#\/schema\/logo\/image\/"},"sameAs":["https:\/\/www.facebook.com\/museostorico","https:\/\/www.instagram.com\/museostorico\/","https:\/\/www.youtube.com\/c\/museostorico"]},{"@type":"Person","@id":"https:\/\/hl.museostorico.it\/historylabmagazine\/#\/schema\/person\/d5c97491f40df75993b760e8bad0895c","name":"omar","image":{"@type":"ImageObject","inLanguage":"it-IT","@id":"https:\/\/hl.museostorico.it\/historylabmagazine\/wp-content\/litespeed\/avatar\/2\/48152516af6ddbb91e5f7fcf05dca98f.jpg?ver=1777057092","url":"https:\/\/hl.museostorico.it\/historylabmagazine\/wp-content\/litespeed\/avatar\/2\/48152516af6ddbb91e5f7fcf05dca98f.jpg?ver=1777057092","contentUrl":"https:\/\/hl.museostorico.it\/historylabmagazine\/wp-content\/litespeed\/avatar\/2\/48152516af6ddbb91e5f7fcf05dca98f.jpg?ver=1777057092","caption":"omar"},"description":"Ibus et pernam cus quev olormi, cons ed volore pro omni eni mpedit quibus sedia sitatur re num delic te officiend sedia sitatur re num.","sameAs":["https:\/\/hl.museostorico.it"]}]}},"_links":{"self":[{"href":"https:\/\/hl.museostorico.it\/historylabmagazine\/wp-json\/wp\/v2\/posts\/513","targetHints":{"allow":["GET"]}}],"collection":[{"href":"https:\/\/hl.museostorico.it\/historylabmagazine\/wp-json\/wp\/v2\/posts"}],"about":[{"href":"https:\/\/hl.museostorico.it\/historylabmagazine\/wp-json\/wp\/v2\/types\/post"}],"author":[{"embeddable":true,"href":"https:\/\/hl.museostorico.it\/historylabmagazine\/wp-json\/wp\/v2\/users\/1"}],"replies":[{"embeddable":true,"href":"https:\/\/hl.museostorico.it\/historylabmagazine\/wp-json\/wp\/v2\/comments?post=513"}],"version-history":[{"count":0,"href":"https:\/\/hl.museostorico.it\/historylabmagazine\/wp-json\/wp\/v2\/posts\/513\/revisions"}],"wp:featuredmedia":[{"embeddable":true,"href":"https:\/\/hl.museostorico.it\/historylabmagazine\/wp-json\/wp\/v2\/media\/514"}],"wp:attachment":[{"href":"https:\/\/hl.museostorico.it\/historylabmagazine\/wp-json\/wp\/v2\/media?parent=513"}],"wp:term":[{"taxonomy":"category","embeddable":true,"href":"https:\/\/hl.museostorico.it\/historylabmagazine\/wp-json\/wp\/v2\/categories?post=513"},{"taxonomy":"post_tag","embeddable":true,"href":"https:\/\/hl.museostorico.it\/historylabmagazine\/wp-json\/wp\/v2\/tags?post=513"},{"taxonomy":"aree","embeddable":true,"href":"https:\/\/hl.museostorico.it\/historylabmagazine\/wp-json\/wp\/v2\/aree?post=513"},{"taxonomy":"numeri","embeddable":true,"href":"https:\/\/hl.museostorico.it\/historylabmagazine\/wp-json\/wp\/v2\/numeri?post=513"}],"curies":[{"name":"wp","href":"https:\/\/api.w.org\/{rel}","templated":true}]}}